{"id":609,"date":"2024-09-02T15:15:40","date_gmt":"2024-09-02T13:15:40","guid":{"rendered":"https:\/\/www.pfundskerl-xxl.de\/blog\/?p=609"},"modified":"2025-10-21T13:30:02","modified_gmt":"2025-10-21T11:30:02","slug":"herren-trachten-in-uebergroessen","status":"publish","type":"post","link":"https:\/\/www.pfundskerl-xxl.de\/blog\/herren-trachten-in-uebergroessen\/","title":{"rendered":"Herren-Trachten in \u00dcbergr\u00f6\u00dfen"},"content":{"rendered":"<p>Termine wie das M\u00fcnchner <a href=\"https:\/\/www.pfundskerl-xxl.de\/blog\/oktoberfest-2023-diese-trachten-outfits-liegen-im-trend\/\">Oktoberfest<\/a> Wiesn (20.9. bis 5.10.25), das Cannstatter Volksfest (26.9. bis 12.10.25) oder die Kirchweih Auer Dult in M\u00fcnchen (26.4 bis 4.5.25) r\u00fccken immer n\u00e4her \u2013 die Herbstzeit ist Trachtenzeit! Wie sieht die aktuelle XXL-Trachtenmode f\u00fcr Herren aus und was geh\u00f6rt zu einem z\u00fcnftigen Outfit dazu? Wir verraten es Dir, so dass Du auf Festen und auch im Alltag perfekt gekleidet bist!<\/p>\n<h2><span style=\"font-weight: 400;\">Trachten sind immer eine gute Idee<\/span><\/h2>\n<p><img loading=\"lazy\" decoding=\"async\" class=\"alignnone wp-image-616 size-full\" src=\"https:\/\/www.pfundskerl-xxl.de\/blog\/wp-content\/uploads\/2019\/08\/iStock-157502770.jpg\" alt=\"Lederhose und Hemd\" width=\"2116\" height=\"1416\" srcset=\"https:\/\/www.pfundskerl-xxl.de\/blog\/wp-content\/uploads\/2019\/08\/iStock-157502770.jpg 2116w, https:\/\/www.pfundskerl-xxl.de\/blog\/wp-content\/uploads\/2019\/08\/iStock-157502770-300x201.jpg 300w, https:\/\/www.pfundskerl-xxl.de\/blog\/wp-content\/uploads\/2019\/08\/iStock-157502770-768x514.jpg 768w, https:\/\/www.pfundskerl-xxl.de\/blog\/wp-content\/uploads\/2019\/08\/iStock-157502770-1024x685.jpg 1024w\" sizes=\"auto, (max-width: 2116px) 100vw, 2116px\" \/><\/p>\n<p>Trachten sind im s\u00fcddeutschen Raum besonders verbreitet, doch der Einzugsbereich weitet sich immer weiter aus. Au\u00dferdem ist von der Tradition inspirierte Kleidung nicht mehr nur zu Volksfesten oder Anl\u00e4ssen im Heimatort gern gesehen, sondern findet auch im Alltag zunehmend ihren Platz. Dabei muss es keine originalgetreue bayerische Tracht f\u00fcr M\u00e4nner sein, die im Job und in der Freizeit getragen wird. Du kannst nach Lust und Laune Alltags- mit Trachtenmode kombinieren, zum Beispiel Jeans mit Trachtenhemden und -Westen! Trage die Outfits einfach bei der Arbeit, zu offizielleren Terminen wie Gesch\u00e4ftsessen oder zu Meetings. Und nat\u00fcrlich zu Feiern aller Art wie Geburtstagen, Hochzeiten und Taufen. Mit folgenden Trachtenbestandteilen kannst Du Deinen Look individuell zusammenstellen.<\/p>\n<h2>Janker und Westen in gro\u00dfen Gr\u00f6\u00dfen: Herren-Trachtenmode f\u00fcr k\u00fchle Tage<\/h2>\n<p>Gerade im Herbst, wenn es zum Abend hin k\u00fchler wird, sind <a href=\"https:\/\/www.pfundskerl-xxl.de\/Sortiment\/Trachten\/Trachtenjanker\/\">Janker und Trachtenjacken<\/a> ebenso kleidsam wie n\u00fctzlich. Feine Materialien wie Velours, Leinen und Wolle geben eine wertige Optik und Struktur. Und f\u00fchlen sich nat\u00fcrlich gut an. Renommierte Hersteller wie Lodenfrey oder Weis \u00fcberzeugen mit Details wie Stickereien, die Jacken lassen sich auch im Alltag zu Hemd und Hose tragen.<\/p>\n<p><a href=\"https:\/\/www.pfundskerl-xxl.de\/Sortiment\/Trachten\/Trachtenwesten\/\">Trachtenwesten<\/a> sind ideal, wenn es zu warm f\u00fcr eine Jacke, aber zu k\u00fchl f\u00fcr das Trachtenhemd alleine ist. Eine schlichte Leinen- oder Wollweste ist f\u00fcr den hemds\u00e4rmeligen Alltags-Look ideal, ein edles Samtgilet in Kombination mit einem Janker f\u00fcr ein festliches Outfit. Bei Pfundskerl findest Du Westen und Gilets \u2013 zum Beispiel von Hammerschmid \u2013 aus sch\u00f6nen Materialien und mit Details wie Hirschhorn- oder Metallkn\u00f6pfen. Rustikal und l\u00e4ssig sehen Lederwesten zur Jeans aus.<\/p>\n<h2>Lederhosen und Hemden \u2013 kernige Basics der Herren-Tracht<\/h2>\n<p><img loading=\"lazy\" decoding=\"async\" class=\"aligncenter wp-image-611 size-full\" src=\"https:\/\/www.pfundskerl-xxl.de\/blog\/wp-content\/uploads\/2019\/08\/pfundskerl_tracht_lederhose.jpg\" alt=\"Mann mit Lederhose\" width=\"1024\" height=\"683\" srcset=\"https:\/\/www.pfundskerl-xxl.de\/blog\/wp-content\/uploads\/2019\/08\/pfundskerl_tracht_lederhose.jpg 1024w, https:\/\/www.pfundskerl-xxl.de\/blog\/wp-content\/uploads\/2019\/08\/pfundskerl_tracht_lederhose-300x200.jpg 300w, https:\/\/www.pfundskerl-xxl.de\/blog\/wp-content\/uploads\/2019\/08\/pfundskerl_tracht_lederhose-768x512.jpg 768w\" sizes=\"auto, (max-width: 1024px) 100vw, 1024px\" \/><\/p>\n<p>Die <a href=\"https:\/\/www.pfundskerl-xxl.de\/Sortiment\/Trachten\/Lederhosen\/\">Lederhose<\/a> ist nat\u00fcrlich DAS Kleidungsst\u00fcck, was man als erstes mit Herren-Trachtenmode in \u00dcbergr\u00f6\u00dfe in Verbindung bringt. Ob kurz oder lang, mit und ohne Hosentr\u00e4ger \u2013 damit machst Du nicht nur auf Volksfesten eine gute Figur, sondern auch auf jeder Feier. Und mit langen Lederhosen kannst Du ganz normal zur Arbeit gehen. In jedem Fall sind die Verzierungen und Stickereien eine echte Freude.<\/p>\n<p>Gleiches gilt f\u00fcr <a href=\"https:\/\/www.pfundskerl-xxl.de\/Sortiment\/Trachten\/Trachtenhemden\/\">Trachtenhemden<\/a>. Du bekommst sie nat\u00fcrlich mit klassischen roten und blauen Karos, aber gerade zu pr\u00e4chtigen Jankern und Hosen passen ganz einfache, wei\u00dfe Leinenhemden. Und auch hier gilt: Trage sie nicht nur in vollem Ornat, sondern kombiniere sie mit Jeanshosen oder sportlichem Outfit mit Turnschuhen!<\/p>\n<p>Verpasse nicht unseren brandneuen Blogbeitrag &#8218;<a href=\"https:\/\/www.pfundskerl-xxl.de\/blog\/lass-krachen-so-kombinierst-du-lederhosen-richtig\/\">Lass krachen \u2013 So kombinierst Du Lederhosen richtig!<\/a>&#8218; Hier erf\u00e4hrst du alles, was du wissen musst, um deine Lederhose in verschiedenen Situationen perfekt in Szene zu setzen.<\/p>\n<h2>Schuhe und Accessoires: Die i-T\u00fcpfelchen der M\u00e4nner-Tracht in \u00dcbergr\u00f6\u00dfe<\/h2>\n<p><img loading=\"lazy\" decoding=\"async\" class=\"aligncenter wp-image-614 size-full\" src=\"https:\/\/www.pfundskerl-xxl.de\/blog\/wp-content\/uploads\/2019\/08\/Pfundskerl_Tracht_Details.jpg\" alt=\"Lederhose, Hut, Socken\" width=\"1024\" height=\"683\" srcset=\"https:\/\/www.pfundskerl-xxl.de\/blog\/wp-content\/uploads\/2019\/08\/Pfundskerl_Tracht_Details.jpg 1024w, https:\/\/www.pfundskerl-xxl.de\/blog\/wp-content\/uploads\/2019\/08\/Pfundskerl_Tracht_Details-300x200.jpg 300w, https:\/\/www.pfundskerl-xxl.de\/blog\/wp-content\/uploads\/2019\/08\/Pfundskerl_Tracht_Details-768x512.jpg 768w\" sizes=\"auto, (max-width: 1024px) 100vw, 1024px\" \/><\/p>\n<p>Passende <a href=\"https:\/\/www.pfundskerl-xxl.de\/Sortiment\/Trachten\/Trachtenschuhe\/\">Trachtenschuhe<\/a> runden Dein Outfit ab. Hochwertige Haferlschuhe aus Leder im etwas traditionelleren Look oder modische Sneaker und Espadrilles im Trachtenlook sind ein Muss f\u00fcr Herren-Trachten in \u00dcbergr\u00f6\u00dfen. <a href=\"https:\/\/www.pfundskerl-xxl.de\/Sortiment\/Trachten\/Trachten-Accessoires\/\">Accessoires<\/a> m\u00f6gen als Details nicht gleich auffallen, sind aber wichtig und unverzichtbar \u2013 etwa die Trachtensocken. Klassische Umschlagsocken aus Schurwolle sind ebenso dabei wie moderne Varianten: ganz nach Deinen W\u00fcnschen!<\/p>\n<p>Ob im Biergarten, B\u00fcro oder auf einer Brauchtumsveranstaltung: Mit Trachten in \u00dcbergr\u00f6\u00dfen treten Herren \u00fcberall stilsicher auf. Gerade kr\u00e4ftige M\u00e4nner geben in der zeitlosen Mode eine gute Figur ab. Falls Du Fragen dazu hast, welche Teile Du miteinander kombinieren kannst, helfen wir Dir gerne telefonisch, per E-Mail oder WhatsApp weiter!<\/p>\n","protected":false},"excerpt":{"rendered":"<p>Termine wie das M\u00fcnchner Oktoberfest Wiesn (20.9. bis 5.10.25), das Cannstatter Volksfest (26.9. bis 12.10.25) oder die Kirchweih Auer Dult [&hellip;]<\/p>\n","protected":false},"author":5,"featured_media":612,"comment_status":"open","ping_status":"open","sticky":false,"template":"","format":"standard","meta":{"_acf_changed":false,"_uag_custom_page_level_css":"","site-sidebar-layout":"default","site-content-layout":"","ast-site-content-layout":"default","site-content-style":"default","site-sidebar-style":"default","ast-global-header-display":"","ast-banner-title-visibility":"","ast-main-header-display":"","ast-hfb-above-header-display":"","ast-hfb-below-header-display":"","ast-hfb-mobile-header-display":"","site-post-title":"","ast-breadcrumbs-content":"","ast-featured-img":"","footer-sml-layout":"","ast-disable-related-posts":"","theme-transparent-header-meta":"","adv-header-id-meta":"","stick-header-meta":"","header-above-stick-meta":"","header-main-stick-meta":"","header-below-stick-meta":"","astra-migrate-meta-layouts":"default","ast-page-background-enabled":"default","ast-page-background-meta":{"desktop":{"background-color":"var(--ast-global-color-5)","background-image":"","background-repeat":"repeat","background-position":"center center","background-size":"auto","background-attachment":"scroll","background-type":"","background-media":"","overlay-type":"","overlay-color":"","overlay-opacity":"","overlay-gradient":""},"tablet":{"background-color":"","background-image":"","background-repeat":"repeat","background-position":"center center","background-size":"auto","background-attachment":"scroll","background-type":"","background-media":"","overlay-type":"","overlay-color":"","overlay-opacity":"","overlay-gradient":""},"mobile":{"background-color":"","background-image":"","background-repeat":"repeat","background-position":"center center","background-size":"auto","background-attachment":"scroll","background-type":"","background-media":"","overlay-type":"","overlay-color":"","overlay-opacity":"","overlay-gradient":""}},"ast-content-background-meta":{"desktop":{"background-color":"var(--ast-global-color-4)","background-image":"","background-repeat":"repeat","background-position":"center center","background-size":"auto","background-attachment":"scroll","background-type":"","background-media":"","overlay-type":"","overlay-color":"","overlay-opacity":"","overlay-gradient":""},"tablet":{"background-color":"var(--ast-global-color-4)","background-image":"","background-repeat":"repeat","background-position":"center center","background-size":"auto","background-attachment":"scroll","background-type":"","background-media":"","overlay-type":"","overlay-color":"","overlay-opacity":"","overlay-gradient":""},"mobile":{"background-color":"var(--ast-global-color-4)","background-image":"","background-repeat":"repeat","background-position":"center center","background-size":"auto","background-attachment":"scroll","background-type":"","background-media":"","overlay-type":"","overlay-color":"","overlay-opacity":"","overlay-gradient":""}},"footnotes":""},"categories":[1,4,16],"tags":[7],"class_list":["post-609","post","type-post","status-publish","format-standard","has-post-thumbnail","hentry","category-allgemein","category-lieblingsteile","category-trends","tag-mode"],"acf":[],"uagb_featured_image_src":{"full":["https:\/\/www.pfundskerl-xxl.de\/blog\/wp-content\/uploads\/2019\/08\/Tracht_Bayern.jpg",1024,683,false],"thumbnail":["https:\/\/www.pfundskerl-xxl.de\/blog\/wp-content\/uploads\/2019\/08\/Tracht_Bayern-150x150.jpg",150,150,true],"medium":["https:\/\/www.pfundskerl-xxl.de\/blog\/wp-content\/uploads\/2019\/08\/Tracht_Bayern-300x200.jpg",300,200,true],"medium_large":["https:\/\/www.pfundskerl-xxl.de\/blog\/wp-content\/uploads\/2019\/08\/Tracht_Bayern-768x512.jpg",768,512,true],"large":["https:\/\/www.pfundskerl-xxl.de\/blog\/wp-content\/uploads\/2019\/08\/Tracht_Bayern-1024x683.jpg",1024,683,true],"1536x1536":["https:\/\/www.pfundskerl-xxl.de\/blog\/wp-content\/uploads\/2019\/08\/Tracht_Bayern.jpg",1024,683,false],"2048x2048":["https:\/\/www.pfundskerl-xxl.de\/blog\/wp-content\/uploads\/2019\/08\/Tracht_Bayern.jpg",1024,683,false]},"uagb_author_info":{"display_name":"Stephan","author_link":"https:\/\/www.pfundskerl-xxl.de\/blog\/author\/sahra\/"},"uagb_comment_info":0,"uagb_excerpt":"Termine wie das M\u00fcnchner Oktoberfest Wiesn (20.9. bis 5.10.25), das Cannstatter Volksfest (26.9. bis 12.10.25) oder die Kirchweih Auer Dult [&hellip;]","_links":{"self":[{"href":"https:\/\/www.pfundskerl-xxl.de\/blog\/wp-json\/wp\/v2\/posts\/609","targetHints":{"allow":["GET"]}}],"collection":[{"href":"https:\/\/www.pfundskerl-xxl.de\/blog\/wp-json\/wp\/v2\/posts"}],"about":[{"href":"https:\/\/www.pfundskerl-xxl.de\/blog\/wp-json\/wp\/v2\/types\/post"}],"author":[{"embeddable":true,"href":"https:\/\/www.pfundskerl-xxl.de\/blog\/wp-json\/wp\/v2\/users\/5"}],"replies":[{"embeddable":true,"href":"https:\/\/www.pfundskerl-xxl.de\/blog\/wp-json\/wp\/v2\/comments?post=609"}],"version-history":[{"count":19,"href":"https:\/\/www.pfundskerl-xxl.de\/blog\/wp-json\/wp\/v2\/posts\/609\/revisions"}],"predecessor-version":[{"id":2358,"href":"https:\/\/www.pfundskerl-xxl.de\/blog\/wp-json\/wp\/v2\/posts\/609\/revisions\/2358"}],"wp:featuredmedia":[{"embeddable":true,"href":"https:\/\/www.pfundskerl-xxl.de\/blog\/wp-json\/wp\/v2\/media\/612"}],"wp:attachment":[{"href":"https:\/\/www.pfundskerl-xxl.de\/blog\/wp-json\/wp\/v2\/media?parent=609"}],"wp:term":[{"taxonomy":"category","embeddable":true,"href":"https:\/\/www.pfundskerl-xxl.de\/blog\/wp-json\/wp\/v2\/categories?post=609"},{"taxonomy":"post_tag","embeddable":true,"href":"https:\/\/www.pfundskerl-xxl.de\/blog\/wp-json\/wp\/v2\/tags?post=609"}],"curies":[{"name":"wp","href":"https:\/\/api.w.org\/{rel}","templated":true}]}}