{"id":2636,"date":"2026-04-13T13:00:38","date_gmt":"2026-04-13T11:00:38","guid":{"rendered":"https:\/\/www.pfundskerl-xxl.de\/blog\/?p=2636"},"modified":"2026-04-16T11:50:04","modified_gmt":"2026-04-16T09:50:04","slug":"volksfeste-bayern","status":"publish","type":"post","link":"https:\/\/www.pfundskerl-xxl.de\/blog\/volksfeste-bayern\/","title":{"rendered":"Der ultimative Festkalender f\u00fcr Bayern 2026"},"content":{"rendered":"<p>In Bayern wissen die Menschen zu feiern. Nicht nur in jeder Stadt, auch in nahezu jedem Dorf wird im Laufe des Jahres ein eigenes Volksfest gefeiert. Die meisten dieser Feste gehen auf Kirchweihen, Erntedankfeiern und M\u00e4rkte zur\u00fcck, deren Geschichte nicht selten bis ins Mittelalter zur\u00fcckreicht. H\u00e4ndler, Handwerker und Bauern trafen sich, um zu handeln und nat\u00fcrlich auch zum Feiern.<\/p>\n<p><strong>Vom Markt und von der Kirchweih zum Volksfest<\/strong><\/p>\n<p>Im 18. und 19. Jahrhundert fand ein Wandel der M\u00e4rkte und Kirchweihen hin zu den Volksfesten unserer Tage statt. Fahrgesch\u00e4fte, Festzelte, Musik und Bier wurden zu den bestimmenden Faktoren der Feste. Weder ein Markt noch eine Kirchweih ist jedoch der Ursprung des wohl weltweit bekanntesten Volksfestes. Das Oktoberfest, auch kurz Wies\u00b4n genannt, wird allj\u00e4hrlich im Gedenken an die k\u00f6nigliche Hochzeit von Kronprinz Ludwig und Therese Charlotte Luise Friederike Amalie von Sachsen-Hildburghausen im Oktober 1810 gefeiert.<\/p>\n<p>Wir wissen nicht, was die Kleiderordnung auf dieser Hochzeit vorschrieb. Was wir jedoch wissen: heute werden zu einem z\u00fcnftigen Volksfest sehr gerne Trachten getragen, besonders in Bayern.<\/p>\n<p><strong>Mit Dirndl und Lederhosen perfekt gekleidet aufs Volksfest<\/strong><\/p>\n<p>Dirndl und Lederhose geh\u00f6ren zu Bayern wie Berge und Bier. Was heute vorwiegend zu besonderen Anl\u00e4ssen wie Volksfesten getragen wird, war fr\u00fcher eine reine Arbeits- oder Alltagskleidung. Das praktische und rustikale Dirndl mit Sch\u00fcrze wurde im 19. Jahrhundert von M\u00e4gden und Hausm\u00e4dchen bei der Arbeit getragen. Erst sp\u00e4ter entwickelte sich das Kleid zum Must-Have der alpenl\u00e4ndischen Mode.<\/p>\n<p>\u00dcbrigens wurden mit dem Dirndl auch klare Botschaften \u00fcber den Beziehungsstatus der Tr\u00e4gerin gesendet. An der Position der Schleife des Dirndls konnte der interessierte Mann gleich erkennen, ob sich eine n\u00e4here Kontaktaufnahme lohnen k\u00f6nnte:<\/p>\n<ul>\n<li style=\"list-style-type: none;\">\n<ul>\n<li style=\"list-style-type: none;\">\n<ul>\n<li>Rechts = vergeben<\/li>\n<li>Links = ledig<\/li>\n<li>Mitte = Jungfrau<\/li>\n<li>Hinten = verwitwet oder Kellnerin<\/li>\n<\/ul>\n<\/li>\n<\/ul>\n<\/li>\n<\/ul>\n<p>Auch die robuste Lederhose war zun\u00e4chst ein Kleidungsst\u00fcck, das im harten Arbeitsalltag der Bauern gute Dienste leistete. Das besonders strapazierf\u00e4hige und wetterfeste Material machte die Hose zur idealen Arbeitskleidung. So wurde sie zum Symbol f\u00fcr M\u00e4nnlichkeit und die traditionelle Lebensweise in den l\u00e4ndlichen Regionen der Alpen.<\/p>\n<p>Heute werden Dirndl und Lederhosen nicht mehr als praktische und langlebige Arbeitskleidung, sondern als modisches Bekenntnis zur s\u00fcddeutschen Lebensweise betrachtet, die auch in den zahlreichen Volksfesten zum Ausdruck kommt. Traditionell und handgearbeitet oder modern und sexy, bisweilen sogar recht schrill, so pr\u00e4sentieren sich die heutigen Modelle der einstigen Alltagsmode.<\/p>\n<p><strong>Ein Volksfest ohne Bier ist denkbar, aber sinnlos \u2013 heute darf es auch gerne alkoholfrei sein<\/strong><\/p>\n<p>Bier geh\u00f6rt zu den \u00e4ltesten Getr\u00e4nken der Menschheit. Schon vor mehr als 6000 Jahren kamen die Sumerer auf die Idee, aus vergorenem Brot eine Art Bier zu brauen. Auch wenn dieses kaum etwas mit unserem heutigen Bier zu tun hatte, kann es jedoch als Ursprung des Bierbrauens betrachtet werden. Es waren in erster Linie mittelalterliche M\u00f6nche, die das Brauen von Bier zu einer Kunst machten. Sie schufen das fl\u00fcssige Brot nicht zuletzt, weil der Speiseplan w\u00e4hrend der Fastenzeit nur wenig feste Nahrung erlaubte. Mit einem frisch gebrauten Bier war die Zeit der Enthaltsamkeit deutlich besser zu \u00fcberstehen.<\/p>\n<p>Mit dem am 23. April 1516 erlassenen Reinheitsgebot wurden klare Regeln f\u00fcr das Bierbrauen formuliert. Ein Bier durfte fortan nur noch aus Wasser sowie Hopfen und Malz gebraut werden, sp\u00e4ter kam noch die Hefe dazu. Dieser hohe Qualit\u00e4tsstandard machte bayerisches Bier zu einem international gefragten Produkt. Mit mehr als 600 Brauereien weist Bayern die weltweit h\u00f6chste Brauereidichte auf. Mit der im Jahr 1040 gegr\u00fcndeten Brauerei Weihenstephan in Freising findet sich im Freistaat auch die \u00e4lteste noch im Betrieb befindliche Braust\u00e4tte.<\/p>\n<p><strong>Trachten und Bier geh\u00f6ren zu einem bayerischen Volksfest einfach dazu<\/strong><\/p>\n<p>Auch wenn in Bayern mit etwa 115 Litern pro Kopf und Jahr das meiste Bier in Deutschland getrunken wird, m\u00fcssen sich die Bajuwaren im internationalen Vergleich den Tschechen geschlagen geben. Sie genehmigten sich zuletzt noch etwa 10 Liter mehr.<\/p>\n<p>Dennoch ist ein echtes bayerisches Volksfest ohne ein frisch gebrautes Festbier nicht denkbar. Wo und wann im Jahr 2026 in Bayern gefeiert wird, das verr\u00e4t Euch unser gro\u00dfer Festkalender.<\/p>\n<h2><strong>Festkalender<\/strong><\/h2>\n<p>Wir haben uns f\u00fcr Euch einmal auf die Suche gem<span style=\"font-size: 1rem;\">acht und einen umfangreichen Festkalender erstellt. Hier pr\u00e4sentieren wir Euch alle Volksfeste, die wir f\u00fcr das Jahr 2026 in Bayern gefunden haben. Neben den weltweit bekannten Gro\u00dfveranstaltungen enth\u00e4lt unsere Liste auch kleinere und weniger bekannte Feste, die mit ihrer Authentizit\u00e4t und ihrem ganz besonderen Charme punkten. Wir w\u00fcnschen Euch viel Spa\u00df beim Feiern.<\/span><\/p>\n<p><img loading=\"lazy\" decoding=\"async\" class=\"alignnone size-full wp-image-2913\" src=\"https:\/\/www.pfundskerl-xxl.de\/blog\/wp-content\/uploads\/2025\/10\/pfk_Blog2025_Bilderauswahl_breit_KW43-scaled.webp\" alt=\"\" width=\"2560\" height=\"853\" srcset=\"https:\/\/www.pfundskerl-xxl.de\/blog\/wp-content\/uploads\/2025\/10\/pfk_Blog2025_Bilderauswahl_breit_KW43-scaled.webp 2560w, https:\/\/www.pfundskerl-xxl.de\/blog\/wp-content\/uploads\/2025\/10\/pfk_Blog2025_Bilderauswahl_breit_KW43-300x100.webp 300w, https:\/\/www.pfundskerl-xxl.de\/blog\/wp-content\/uploads\/2025\/10\/pfk_Blog2025_Bilderauswahl_breit_KW43-1024x341.webp 1024w, https:\/\/www.pfundskerl-xxl.de\/blog\/wp-content\/uploads\/2025\/10\/pfk_Blog2025_Bilderauswahl_breit_KW43-768x256.webp 768w, https:\/\/www.pfundskerl-xxl.de\/blog\/wp-content\/uploads\/2025\/10\/pfk_Blog2025_Bilderauswahl_breit_KW43-1536x512.webp 1536w, https:\/\/www.pfundskerl-xxl.de\/blog\/wp-content\/uploads\/2025\/10\/pfk_Blog2025_Bilderauswahl_breit_KW43-2048x683.webp 2048w\" sizes=\"auto, (max-width: 2560px) 100vw, 2560px\" \/><\/p>\n<h2><\/h2>\n<h2>Festkalender Bayern 2026 \u2013 Alle Termine auf einen Blick<\/h2>\n<p>Hier findest Du alle wichtigen Volksfeste 2026 in Bayern \u2013 \u00fcbersichtlich, chronologisch und perfekt zum Abspeichern.<\/p>\n<table>\n<thead>\n<tr>\n<th>Datum 2026<\/th>\n<th>Fest<\/th>\n<\/tr>\n<\/thead>\n<tbody>\n<tr>\n<td>6. \u2013 29. M\u00e4rz<\/td>\n<td>Starkbierfest auf dem Nockherberg (M\u00fcnchen)<\/td>\n<\/tr>\n<tr>\n<td>04. \u2013 19. April<\/td>\n<td>Osterpl\u00e4rrer (Augsburg)<\/td>\n<\/tr>\n<tr>\n<td>04. \u2013 26. April<\/td>\n<td>Fr\u00fchlingsfest N\u00fcrnberg<\/td>\n<\/tr>\n<tr>\n<td>17. April \u2013 10. Mai<\/td>\n<td>Fr\u00fchlingsfest M\u00fcnchen<\/td>\n<\/tr>\n<tr>\n<td>24. April<\/td>\n<td>Tag des Bieres (Freising)<\/td>\n<\/tr>\n<tr>\n<td>30. April \u2013 10. Mai<\/td>\n<td>Passauer Maidult (Passau)<\/td>\n<\/tr>\n<tr>\n<td>09. \u2013 10. Mai<\/td>\n<td>Weihenstephaner Gartentage (Freising)<\/td>\n<\/tr>\n<tr>\n<td>14. \u2013 31. Mai<\/td>\n<td>Regensburger Maidult (Regensburg)<\/td>\n<\/tr>\n<tr>\n<td>21. Mai \u2013 1. Juni<\/td>\n<td>Erlanger Bergkirchweih (Erlangen)<\/td>\n<\/tr>\n<tr>\n<td>03. \u2013 19. Juli<\/td>\n<td>Kiliani-Volksfest (W\u00fcrzburg)<\/td>\n<\/tr>\n<tr>\n<td>09. \u2013 20. Juli<\/td>\n<td>T\u00e4nzelfest (Kaufbeuren)<\/td>\n<\/tr>\n<tr>\n<td>25. Juli \u2013 02. August<\/td>\n<td>Garmischer Festwoche (Garmisch-Partenkirchen)<\/td>\n<\/tr>\n<tr>\n<td>07. \u2013 16. August<\/td>\n<td>Friedberger Volksfest (Friedberg)<\/td>\n<\/tr>\n<tr>\n<td>07. \u2013 17. August<\/td>\n<td>G\u00e4ubodenvolksfest (Straubing)<\/td>\n<\/tr>\n<tr>\n<td>08. \u2013 17. August<\/td>\n<td>Dachauer Volksfest (Dachau)<\/td>\n<\/tr>\n<tr>\n<td>27. August \u2013 1. September<\/td>\n<td>Karpfhamer Fest (Bad Griesbach)<\/td>\n<\/tr>\n<tr>\n<td>28. August \u2013 06. September<\/td>\n<td>Herbstfest Erding<\/td>\n<\/tr>\n<tr>\n<td>28. August \u2013 13. September<\/td>\n<td>Herbstvolksfest N\u00fcrnberg<\/td>\n<\/tr>\n<tr>\n<td>28. August \u2013 13. September<\/td>\n<td>Regensburger Herbstdult<\/td>\n<\/tr>\n<tr>\n<td>29. August \u2013 13. September<\/td>\n<td>Rosenheimer Herbstfest<\/td>\n<\/tr>\n<tr>\n<td>03. \u2013 07. September<\/td>\n<td>Gillamoos (Abensberg)<\/td>\n<\/tr>\n<tr>\n<td>04. September<\/td>\n<td>Volksfest Freising<\/td>\n<\/tr>\n<tr>\n<td>11. \u2013 20. September<\/td>\n<td>Passauer Herbstdult<\/td>\n<\/tr>\n<tr>\n<td>13. September<\/td>\n<td>Festival-Mediaval (Selb)<\/td>\n<\/tr>\n<tr>\n<td>19. September \u2013 04. Oktober<\/td>\n<td>Oktoberfest (M\u00fcnchen)<\/td>\n<\/tr>\n<tr>\n<td>14. \u2013 29. M\u00e4rz<\/td>\n<td>Fr\u00fchlingsfest W\u00fcrzburg<\/td>\n<\/tr>\n<tr>\n<td>28. August\u00a0 \u2013 13. September<\/td>\n<td>Herbstpl\u00e4rrer Augsburg<\/td>\n<\/tr>\n<tr>\n<td>26. Juli &#8211; 2.August<\/td>\n<td>Wallensteinfestspiele (Altdorf)<\/td>\n<\/tr>\n<tr>\n<td>03. &#8211; 14.Oktober<\/td>\n<td>Michaelis-Kirchweih (F\u00fcrth)<\/td>\n<\/tr>\n<tr>\n<td>08. -17.August<\/td>\n<td>Partenkirchener Festwoche<\/td>\n<\/tr>\n<\/tbody>\n<\/table>\n<p><strong>Tipp:<\/strong> Speichere Dir diese \u00dcbersicht \u2013 2026 wird lang. Und bayerisch.<\/p>\n<h2>Starkbierfest auf dem Nockherberg in M\u00fcnchen<\/h2>\n<p><strong>\u00a06. bis 29. M\u00e4rz 2026<\/strong><br \/>\n<strong>Paulaner am Nockherberg, M\u00fcnchen<\/strong><\/p>\n<p><strong>Stimmung:<\/strong><br \/>\nWeit \u00fcber die Stadtgrenzen hinaus bekannt ist das Starkbierfest auf dem Nockherberg. In der Fastenzeit wird der Nockherberg zum angesagten Treffpunkt f\u00fcr alle Liebhaber des Starkbiers. Traditionelle Blasmusik und bayerische Gem\u00fctlichkeit sorgen f\u00fcr eine ausgelassene Atmosph\u00e4re.<\/p>\n<p><strong>Besonderheiten:<br \/>\n<\/strong>Nach dem feierlichen Anstich des Salvator-Starkbiers wird zu traditioneller Musik getrunken und getanzt. Der absolute H\u00f6hepunkt des Starkbierfestes ist aber das traditionelle Singspiel mit dem \u201eDerblecken\u201c, bei dem die politische Prominenz humorvoll aufs Korn genommen wird.<\/p>\n<p><strong>Kulinarik:<\/strong><br \/>\nNeben dem kr\u00e4ftigen Salvator-Starkbier kommen deftige bayerische Spezialit\u00e4ten wie Schweinshaxe, Obazda und Brezn auf den Tisch.<\/p>\n<p><strong>Geschichte &amp; Funfact:<\/strong><br \/>\nDas Starkbierfest geht auf die Paulaner-M\u00f6nche zur\u00fcck. Diese brauten w\u00e4hrend der Fastenzeit ein besonders nahrhaftes Bier, das die leiblichen Entbehrungen dieser Zeit ausgleichen sollte. Seit dem 18. Jahrhundert ist diese Tradition belegt. Das Salvator-Bier ist der Prototyp der bayerischen Starkbiere, das zahlreiche Brauereien zu \u00e4hnlichen Produkten inspiriert hat.<\/p>\n<p>&nbsp;<\/p>\n<h2>Fr\u00fchlingsfest W\u00fcrzburg<\/h2>\n<p><b>14. M\u00e4rz bis 29. M\u00e4rz<\/b><br \/>\n<strong>Talavera-Festplatz<\/strong><\/p>\n<p><strong>Stimmung:<\/strong><br \/>\nW\u00fcrzburg startet mit seinem Fr\u00fchlingsfest in die Saison. Etwa 50 Fahrgesch\u00e4fte sorgen f\u00fcr viel Spa\u00df. Ein gro\u00dfes Festzelt bietet den passenden Rahmen f\u00fcr ein Volksfest, auf dem es locker, gem\u00fctlich und typisch fr\u00e4nkisch zugeht.<\/p>\n<p><strong>Besonderheiten:<\/strong><br \/>\nZur Freude der Besucher werden auf dem W\u00fcrzburger Fr\u00fchlingsfest zwei gro\u00dfe Feuerwerke gez\u00fcndet. Mittwochs ist Familientag, dann wird f\u00fcr alle Attraktionen nur der halbe Preis berechnet. Eine beliebte Aktion ist das Baumkraxeln. Wenn Du es bis ganz nach oben schaffst, erwartet Dich eine kostenlose Ma\u00df zur Belohnung. Das Repertoire der Bands und Kapellen im Festzelt reicht von Partysongs bis zu traditioneller Blasmusik.<\/p>\n<p><strong>Kulinarik:<\/strong><br \/>\nZum Fr\u00fchlingsfest in W\u00fcrzburg geh\u00f6ren neben deftigen Gerichten wie Brathendl, Steckerlfisch und Rahmfleck auch s\u00fc\u00dfe Verf\u00fchrungen wie Dampfnudeln und Apfelk\u00fcchle. Eher untypisch f\u00fcr ein Volksfest wird im Festzelt nicht nur Bier, sondern auch Frankenwein ausgeschenkt.<\/p>\n<p><strong>Geschichte &amp; Funfact:<\/strong><br \/>\nDas Fr\u00fchjahrsvolksfest geht auf das W\u00fcrzburger Dultwesen aus dem Mittelalter zur\u00fcck. Tradition und eine ausgelassene Stimmung gehen beim Fr\u00fchlingsfest eine perfekte Symbiose ein. Der Blick vom Festgel\u00e4nde auf die Festung Marienberg gibt dem Ganzen den passenden Rahmen.<\/p>\n<p>&nbsp;<\/p>\n<h2>Fr\u00fchlingsfest N\u00fcrnberg<\/h2>\n<p><strong>04. April bis 26. April 2026<\/strong><br \/>\n<strong>Volksfestplatz am Dutzendteich<\/strong><\/p>\n<p><strong>Stimmung:<\/strong><br \/>\nAuch Franken hat sein Oktoberfest und das findet schon im Fr\u00fchling statt.<\/p>\n<p>Das Fr\u00fchlingsfest in N\u00fcrnberg wird von Kennern als \u201ekleines Oktoberfest Frankens\u201c bezeichnet. Trotz der eher famili\u00e4ren Atmosph\u00e4re gibt es auf dem Fr\u00fchlingsfest jede Menge zu erleben. In den beiden gro\u00dfen Festzelten spielen am Nachmittag die Blasmusikanten auf. Am Abend sorgen Partybands mit Tanzmusik f\u00fcr gute Stimmung.<\/p>\n<p><strong>Besonderheiten:<\/strong><br \/>\nSowohl die Er\u00f6ffnung als auch das Ende des Fr\u00fchlingsfestes wird mit zwei gro\u00dfen Feuerwerken gefeiert. Ein Oldtimer-Tag und ein kleiner Festumzug sind weitere Highlights. Und weil das Fr\u00fchlingsfest in N\u00fcrnberg ein echtes Fest f\u00fcr Familien ist, d\u00fcrfen sich diese an manchen Tagen \u00fcber reduzierte Preise freuen.<\/p>\n<p><strong>Kulinarik:<\/strong><br \/>\nWie es sich f\u00fcr ein echtes Volksfest geh\u00f6rt, kannst Du nat\u00fcrlich auch beim Fr\u00fchlingsfest typische Gerichte der Region genie\u00dfen. Die ber\u00fchmten N\u00fcrnberger Bratw\u00fcrste schmecken besonders gut in Kombination mit dem s\u00fcffigen Festbier. Das passt \u00fcbrigens auch gut zu Sch\u00e4ufele.<\/p>\n<p><strong>Geschichte &amp; Funfact:<\/strong><br \/>\nVolksfeste haben in N\u00fcrnberg eine lange Tradition. Die Geschichte des Fr\u00fchlingsfestes geht bis ins 19. Jahrhundert zur\u00fcck. Den Volksfestplatz findest Du \u00fcbrigens direkt neben dem Zeppelinfeld, auf dem die Nazis einst ihre Anh\u00e4nger aufmarschieren lie\u00dfen.<\/p>\n<p>&nbsp;<\/p>\n<h2>Osterpl\u00e4rrer Augsburg<\/h2>\n<p><strong>05. April bis 19. April 2026<\/strong><br \/>\n<strong>Pl\u00e4rrergel\u00e4nde Augsburg<\/strong><\/p>\n<p><strong>Stimmung:<\/strong><br \/>\nAuch die Schwaben k\u00f6nnen z\u00fcnftig feiern. Das beweist jedes Jahr aufs Neue der Osterpl\u00e4rrer, gr\u00f6\u00dftes Volksfest in Schwaben. Der gelungene Mix aus Traditionen, Familienausflug und Party macht den Osterpl\u00e4rrer nicht nur f\u00fcr Einheimische, sondern auch f\u00fcr G\u00e4ste aus der Region besonders und ist ein fester Termin im Festkalender.<\/p>\n<p><strong>Besonderheiten:<\/strong><br \/>\nEr\u00f6ffnet wird der Osterpl\u00e4rrer lautstark von den B\u00f6llersch\u00fctzen. Etwas L\u00e4rm d\u00fcrfte auch beim Abschlussfeuerwerk nicht zu vermeiden sein. Ein weiteres Highlight ist der historische Festumzug durch die Innenstadt. Das breite Angebot der Fahrgesch\u00e4fte reicht von nostalgischen Karussells bis hin zu spektakul\u00e4ren Hightech-Attraktionen.<\/p>\n<p><strong>Kulinarik:<\/strong><br \/>\nBei einem Volksfest in Augsburg d\u00fcrfen nat\u00fcrlich die typischen Spezialit\u00e4ten wie das \u201ePl\u00e4rrer-Hendl\u201c, deftige Braten oder Schupfnudeln mit Kraut nicht fehlen. Dazu gibt es das bekannte \u201ePl\u00e4rrerbier\u201c, das eigens f\u00fcr das Fest gebraut wird. S\u00fc\u00dfe Leckerm\u00e4uler werden sich \u00fcber Auszogne und Dampfnudeln freuen.<\/p>\n<p><strong>Geschichte &amp; Funfact:<\/strong><br \/>\nDie Anf\u00e4nge des Osterpl\u00e4rrers gehen bis ins 10. Jahrhundert zur\u00fcck. Was einst als Kirchweih und Marktveranstaltung begann, ist heute das gr\u00f6\u00dfte Volksfest der Region. Damals wie heute wird aber nach wie vor \u201egepl\u00e4rrt\u201c. Die Marktverk\u00e4ufer, die einst ihre Waren lautstark schreiend, also pl\u00e4rrend angeboten haben, gaben dem Fest seinen Namen. Das bunte Treiben zieht viele Augsburger traditionell schon am Karfreitag an. Auch wer eigentlich nur mal kurz schauen wollte, bleibt am Ende dann doch oft bis tief in die Nacht.<\/p>\n<p>&nbsp;<\/p>\n<p><img loading=\"lazy\" decoding=\"async\" class=\"alignnone wp-image-2648\" src=\"https:\/\/www.pfundskerl-xxl.de\/blog\/wp-content\/uploads\/2025\/04\/pfk_Blog2025_Bilderauswahl_breit_KW165-300x100.webp\" alt=\"Dreiteiliges Bild: Riesenrad, Kettenkarussell und Lebkuchenherz mit \u201eO'zapft is!\u201c auf dem Oktoberfest.\" width=\"900\" height=\"300\" srcset=\"https:\/\/www.pfundskerl-xxl.de\/blog\/wp-content\/uploads\/2025\/04\/pfk_Blog2025_Bilderauswahl_breit_KW165-300x100.webp 300w, https:\/\/www.pfundskerl-xxl.de\/blog\/wp-content\/uploads\/2025\/04\/pfk_Blog2025_Bilderauswahl_breit_KW165-1024x341.webp 1024w, https:\/\/www.pfundskerl-xxl.de\/blog\/wp-content\/uploads\/2025\/04\/pfk_Blog2025_Bilderauswahl_breit_KW165-768x256.webp 768w, https:\/\/www.pfundskerl-xxl.de\/blog\/wp-content\/uploads\/2025\/04\/pfk_Blog2025_Bilderauswahl_breit_KW165-1536x512.webp 1536w, https:\/\/www.pfundskerl-xxl.de\/blog\/wp-content\/uploads\/2025\/04\/pfk_Blog2025_Bilderauswahl_breit_KW165-2048x683.webp 2048w\" sizes=\"auto, (max-width: 900px) 100vw, 900px\" \/><\/p>\n<h2>Fr\u00fchlingsfest M\u00fcnchen<\/h2>\n<p><strong>17. April \u2013 10. Mai 2026<\/strong><br \/>\n<strong>Theresienwiese M\u00fcnchen<\/strong><\/p>\n<p><strong>Stimmung:<\/strong><br \/>\nMit dem Fr\u00fchlingsfest auf der Theresienwiese beginnt in M\u00fcnchen offiziell die Volksfest-Saison. Das &#8222;kleine Wiesn&#8220; begeistert mit bayerischer Gem\u00fctlichkeit, fr\u00f6hlicher Stimmung und einem vielf\u00e4ltigen Programm. Familien, Freundesgruppen und Fans des M\u00fcnchner Lebensgef\u00fchls kommen hier gleicherma\u00dfen auf ihre Kosten.<\/p>\n<p><strong>Besonderheiten:<\/strong><br \/>\nNeben traditionellen Fahrgesch\u00e4ften und einem gro\u00dfen Bierzelt erwarten die Besucher ein abwechslungsreiches Rahmenprogramm mit Feuerwerk, Oldtimertreffen und einem Flohmarkt an den Wochenenden. Der Familiennachmittag lockt mit verg\u00fcnstigten Preisen f\u00fcr Fahrgesch\u00e4fte und Verpflegung. Auch das Riesenrad bietet einen herrlichen Blick \u00fcber M\u00fcnchen und die Alpen.<\/p>\n<p><strong>Kulinarik:<\/strong><br \/>\nIm Bierzelt wird s\u00fcffiges Festbier ausgeschenkt und dazu gibt\u2019s typisch bayerische Schmankerl wie Hendl, Schweinsw\u00fcrstl und Radi. Auch f\u00fcr S\u00fc\u00dfes ist gesorgt: Auszogne, gebrannte Mandeln und Zuckerwatte runden das Fest kulinarisch ab.<\/p>\n<p><strong>Geschichte &amp; Funfact:<\/strong><br \/>\nSeit 1965 wird das Fr\u00fchlingsfest auf der Theresienwiese gefeiert \u2013 urspr\u00fcnglich als \u201ekleine Schwester\u201c des Oktoberfests ins Leben gerufen. Es gilt als Geheimtipp unter Einheimischen und als perfekte Einstimmung auf die gro\u00dfe Wiesn im Herbst.<\/p>\n<p>&nbsp;<\/p>\n<h2>Tag des Bieres Freising<\/h2>\n<p><strong>24. April 2026<\/strong><br \/>\n<strong>Marienplatz &amp; Innenstadt Freising<\/strong><\/p>\n<p><strong>Stimmung:<\/strong><br \/>\nDieser Tag steht im Zeichen des Gerstensafts. Mitten in der Freisinger Altstadt wird locker, gesellig und voller Hochachtung dem Bier gehuldigt. Der Duft von frisch gezapftem Bier wird von Blasmusik begleitet, die feiernde Menschen in die Gassen der Altstadt zieht.<\/p>\n<p><strong>Besonderheiten:<\/strong><\/p>\n<p>Nachdem der Oberb\u00fcrgermeister das erste Fass angestochen hat, beginnt an der gro\u00dfen Biertheke auf dem Marienplatz der Ausschank der Freisinger Bierspezialit\u00e4ten. Neben Livemusik und Bierkrugstemmen am Brauereiwagen gibt es spannende Hintergrundinfos zur Braukunst und zur Freisinger Biertradition.<\/p>\n<p><strong>Kulinarik:<\/strong><br \/>\nDas Bier von Weihenstephan, Hofbrauhaus Freising und weiteren Brauereien aus der Region ist der Star des Festes. Dazu werden Obazda, Radi, Brezn, Leberk\u00e4s-Semmeln, Grillw\u00fcrste und klassische Biergartenkost auf die Hand serviert.<\/p>\n<p><strong>Geschichte und Funfact:<\/strong><br \/>\nDer 23. April ist der bundesweite \u201eTag des Deutschen Bieres\u201c. An diesem Tag wurde im Jahr 1516 das bayerische Reinheitsgebot erlassen. Als ber\u00fchmte Braustadt mit eigener Agenda feiert Freising einfach einen Tag sp\u00e4ter. Dazu bringt jede Brauerei ihr eigenes Glas oder ihren Krug mit. Ein Fest f\u00fcr jeden Sammler von Bierkr\u00fcgen.<\/p>\n<p>&nbsp;<\/p>\n<h2>Passauer Maidult<\/h2>\n<p><strong>30. April \u2013 10. Mai 2026<\/strong><br \/>\n<strong>Dreil\u00e4nderhalle \/ Messepark Kohlbruck<\/strong><\/p>\n<p><strong>Stimmung:<\/strong><br \/>\nWer Anfang Mai in der Dreifl\u00fcssestadt zu Gast ist, kann zusammen mit den Einheimischen das bedeutendste Fr\u00fchlingsfest der Region feiern, die Passauer Maidult. Das Fest mit dem Flair eines traditionellen Jahrmarkts markiert f\u00fcr viele Passauer den offiziellen Start in den Fr\u00fchling. Die famili\u00e4re und gem\u00fctliche Atmosph\u00e4re erzeugt das echte Dult-Feeling.<\/p>\n<p><strong>Besonderheiten:<\/strong><br \/>\nAuf der Passauer Maidult wird nicht nur gefeiert, sondern auch gehandelt. W\u00e4hrend die einen im gro\u00dfen Festzelt bei Livemusik feiern, bummeln die anderen \u00fcber den traditionellen Dultmarkt, auf dem neben Textilien und Haushaltswaren auch so manche Kuriosit\u00e4t feilgeboten wird. Zur Er\u00f6ffnung der Passauer Maidult zieht ein bunter Festzug mit Musikgruppen und Vereinen durch die Stadt. Den Abschluss bildet ein imposantes Feuerwerk. Und zwischendrin gibt es noch Familientage mit erm\u00e4\u00dfigten Preisen.<\/p>\n<p><strong>Kulinarik:<\/strong><br \/>\nOb zum Wei\u00dfwurstfr\u00fchst\u00fcck im Zelt, zum Spanferkel oder zu einer frischen Dult-Brezn, das s\u00fcffige Dultbier, das von den regionalen Brauereien speziell zu diesem Anlass gebraut wird, ist die ideale fl\u00fcssige Beilage zu all den kulinarischen Spezialit\u00e4ten, zu denen auch Schmalznudeln und gebackene M\u00e4use geh\u00f6ren.<\/p>\n<p><strong>Geschichte &amp; Funfact:<\/strong><br \/>\nDie Wurzeln der Passauer Dult liegen im 14. Jahrhundert. Aus dem einstigen Wallfahrts- und Handelsmarkt ist im Laufe der Zeit ein attraktiver Mix aus Tradition und modernem Rummel geworden.<br \/>\nFunfact: Bei Hochwasser kann der Dultplatz schon mal kurzfristig zum Parkplatz f\u00fcr Boote werden. So ist das eben in Passau, der Stadt mit den drei Fl\u00fcssen.<\/p>\n<p>&nbsp;<\/p>\n<h2>Regensburger Maidult<\/h2>\n<p><strong>14. Mai \u2013 31. Mai 2026<\/strong><br \/>\n<strong>Dultplatz an der Donau<\/strong><\/p>\n<p><strong>Stimmung:<\/strong><br \/>\nNat\u00fcrlich hat auch Regensburg seine Maidult. Und was f\u00fcr eine! Die Regensburger Maidult ist eines der \u00e4ltesten und traditionsreichsten Volksfeste im Freistaat Bayern. Es ist der spezielle Mix aus gem\u00fctlichem Beisammensein, Blasmusik und moderner Kirmes, die Besucher aus der Region und dar\u00fcber hinaus anzieht.<\/p>\n<p><strong>Besonderheiten:<\/strong><br \/>\nIn zwei gro\u00dfen Zelten werden die G\u00e4ste mit einem abwechslungsreichen Musikprogramm unterhalten. Zur Er\u00f6ffnung gibt es einen Festzug, zum Abschluss ein Feuerwerk. Einen Besuch in der legend\u00e4ren Weinschenke \u201eLustige Witwe\u201c solltest Du Dir ebenso wenig entgehen lassen wie einen Bummel \u00fcber den Markt mit seinen bunten Marktst\u00e4nden.<\/p>\n<p><strong>Kulinarik:<\/strong><br \/>\nEin knuspriges Hendl oder eine Regensburger Wurst in Verbindung mit einem frisch gezapften Bier stillen Hunger und Durst. Auch der traditionelle Dult-Kuchen ist definitiv einen Versuch wert. Ein echter Geheimtipp f\u00fcr Fans des gepflegten Frankenweins ist die schon erw\u00e4hnte Weinschenke.<\/p>\n<p><strong>Geschichte &amp; Funfact:<\/strong><br \/>\nDie erste urkundliche Erw\u00e4hnung der Dult datiert aus dem Jahr 1382 als kirchlicher Jahrmarkt. Heute ist sie tief verwurzelt in der Regensburger Kultur.<br \/>\nFunfact: Als echter Regensburger gehst Du nicht zur Dult, sondern \u201eauf DIE Dult\u201c, die einzig Wahre.<\/p>\n<p>&nbsp;<\/p>\n<p>&nbsp;<\/p>\n<h2>Wallensteinfestspiele Altdorf bei N\u00fcrnberg<\/h2>\n<p><strong>noch kein Datum. Findet nur alle 3 Jahre statt.<\/strong><\/p>\n<p><strong>Altstadt Altdorf\u00a0<\/strong><\/p>\n<p><strong>Stimmung:<\/strong><br \/>\n2028 ist es wieder so weit. Alle drei Jahre trifft man sich in der malerischen Altstadt von Altdorf zu einem monumentalen Historienspektakel, bei dem das Leben zur Zeit des Drei\u00dfigj\u00e4hrigen Krieges eindrucksvoll und authentisch nachgespielt wird.<\/p>\n<p><strong>Besonderheiten:<\/strong><br \/>\nDas gro\u00dfe Theaterst\u00fcck unter freiem Himmel wird umrahmt von einem Mittelaltermarkt, einem Feldlager mit \u00fcber 1.000 Darstellern und einem historischen Festumzug. Besonders spektakul\u00e4r ist die Nachtshow mit viel Feuer und Musik.<\/p>\n<p><strong>Kulinarik:<\/strong><br \/>\nAuch das kulinarische Angebot entspricht dem Anlass. Es gibt Bauernbrot, Wildschweinbraten, Met und rustikale Eint\u00f6pfe. Ger\u00e4ucherter Fisch, Knoblauchwurst und Fladen aus dem Holzofen geh\u00f6ren ebenso zu den mittelalterlichen Spezialit\u00e4ten wie das Bier im Tonkrug.<\/p>\n<p><strong>Geschichte &amp; Funfact:<\/strong><br \/>\nDie Festspiele erinnern an einen Besuch von Wallenstein im Jahr 1632. Der ber\u00fchmte Feldherr \u00fcbernachtete damals mit seinem Tross in der einstigen Universit\u00e4tsstadt.<\/p>\n<p>Funfact: Die gesamte Bev\u00f6lkerung ist bei dem Spektakel dabei. Zuschauer gibt es nicht, nur Mitwirkende und G\u00e4ste in einem vergangenen Jahrhundert.<\/p>\n<p>&nbsp;<\/p>\n<p><img loading=\"lazy\" decoding=\"async\" class=\"alignnone wp-image-2646\" src=\"https:\/\/www.pfundskerl-xxl.de\/blog\/wp-content\/uploads\/2025\/04\/pfk_Blog2025_Bilderauswahl_breit_KW162-300x100.webp\" alt=\"Vier M\u00e4nner in traditioneller Tracht sitzen im Biergarten unter Kastanienb\u00e4umen und genie\u00dfen das bayerische Lebensgef\u00fchl\" width=\"900\" height=\"300\" srcset=\"https:\/\/www.pfundskerl-xxl.de\/blog\/wp-content\/uploads\/2025\/04\/pfk_Blog2025_Bilderauswahl_breit_KW162-300x100.webp 300w, https:\/\/www.pfundskerl-xxl.de\/blog\/wp-content\/uploads\/2025\/04\/pfk_Blog2025_Bilderauswahl_breit_KW162-1024x341.webp 1024w, https:\/\/www.pfundskerl-xxl.de\/blog\/wp-content\/uploads\/2025\/04\/pfk_Blog2025_Bilderauswahl_breit_KW162-768x256.webp 768w, https:\/\/www.pfundskerl-xxl.de\/blog\/wp-content\/uploads\/2025\/04\/pfk_Blog2025_Bilderauswahl_breit_KW162-1536x512.webp 1536w, https:\/\/www.pfundskerl-xxl.de\/blog\/wp-content\/uploads\/2025\/04\/pfk_Blog2025_Bilderauswahl_breit_KW162-2048x683.webp 2048w\" sizes=\"auto, (max-width: 900px) 100vw, 900px\" \/><\/p>\n<h2>Erlanger Bergkirchweih<\/h2>\n<p><strong>21. Mai \u2013 1. Juni 2026<\/strong><br \/>\n<strong>\u201eDer Berg\u201c \u2013 Erlanger Burgberg<\/strong><\/p>\n<p><strong>Stimmung:<\/strong><br \/>\nF\u00fcr die Erlanger ist sie einfach nur die \u201eBerch\u201c und alles andere als eine gew\u00f6hnliche Kerwa. Die urigen Bierkeller unter den alten Kastanien bieten die perfekte Kulisse f\u00fcr fr\u00e4nkische Gem\u00fctlichkeit. Die Erlanger Bergkirchweih genie\u00dft mittlerweile echten Kultstatus als eines der sch\u00f6nsten und stimmungsvollsten Feste in Bayern.<\/p>\n<p><strong>Besonderheiten:<\/strong><br \/>\nEr\u00f6ffnet wird die \u201eBerch\u201c mit dem traditionellen Fassanstich. Eine Fahrt mit dem Riesenrad oder in einem der anderen historischen Fahrgesch\u00e4fte geh\u00f6rt ebenso zu einem Besuch auf dem Berg dazu wie das ber\u00fchmte \u201eSteinkrug-Heben\u201c. Bevor es zum Feiern mit Live-Musik geht, solltest Du bei einem Spaziergang \u00fcber den Berg den Sonnenuntergang genie\u00dfen.<\/p>\n<p><strong>Kulinarik:<\/strong><br \/>\nTypisch f\u00fcr die Erlanger Bergkirchweih ist das in Steinkr\u00fcgen servierte Berchbier. Dazu gibt es eine Haxn, ein Obazda, eine Brotzeit oder eine Fischsemmel und nat\u00fcrlich eine der ber\u00fchmten Riesen-Brezn. Besonders beliebt ist auch das \u201eBierweckla\u201c, ein deftiges fr\u00e4nkisches Sandwich mit Leberk\u00e4s oder Braten.<\/p>\n<p><strong>Geschichte &amp; Funfact:<\/strong><br \/>\nDie Bergkirchweih wird seit 1755 gefeiert. Wie viele andere Feste begann auch sie als Kirchweih zur Pfingstzeit. Heute ist sie ein Fest mit G\u00e4sten aus aller Welt.<br \/>\nFunfact: Beendet wird das Fest am letzten Abend traditionell mit einem feierlichen Trauerzug, bei dem das letzte Fass zu Grabe getragen wird.<\/p>\n<p>&nbsp;<\/p>\n<h2>Kiliani-Volksfest W\u00fcrzburg<\/h2>\n<p><strong>03. Juli \u2013 19. Juli 2026<\/strong><br \/>\n<strong>Talavera-Festplatz<\/strong><\/p>\n<p><strong>Stimmung:<\/strong><br \/>\nEs ist das gr\u00f6\u00dfte Volksfest in Unterfranken, das Kiliani in W\u00fcrzburg. Wenn auf dem riesigen Talavera-Festplatz ein gem\u00fctlicher Biergarten mit Blick auf den Main zum Feiern einl\u00e4dt, dann geschieht dies in echter Kirchweih-Tradition, die sich auch modernem Festvergn\u00fcgen nicht verschlie\u00dft.<\/p>\n<p><strong>Besonderheiten:<\/strong><br \/>\nAm Tag der Er\u00f6ffnung zieht ein gro\u00dfer Umzug mit \u00fcber 2.000 Teilnehmern durch die Stadt. Danach spielen Livebands in den verschiedenen Festzelten zum Tanz auf. Ein Riesenrad und ein Feuerwerk geh\u00f6ren ebenso zum Kiliani wie Familientage mit reduzierten Preisen und das parallel zur Kiliani-Kirchweih angebotene Kulturprogramm.<\/p>\n<p><strong>Kulinarik:<\/strong><br \/>\nZum vom W\u00fcrzburger Hofbr\u00e4u eigens f\u00fcr das Fest gebraute Kiliani-Bier kommen halbe Hendl, Wildgerichte und fr\u00e4nkischer Zwiebelplootz auf den Tisch. Im Biergarten wird neben Gerstensaft auch gerne ein Glas Frankenwein vom Fass serviert.<\/p>\n<p><strong>Geschichte &amp; Funfact:<\/strong><br \/>\nDer heilige Kilian, der Patron W\u00fcrzburgs, ist der Namensgeber des einst ausschlie\u00dflich religi\u00f6sen Festes, dessen Urspr\u00fcnge bis ins 11. Jahrhundert zur\u00fcckreichen. Seit 1926 findet es regelm\u00e4\u00dfig auf der Talavera statt.<br \/>\nFunfact: Fr\u00fcher wurde f\u00fcr das Festvergn\u00fcgen Eintritt verlangt. Diese Zeiten sind vorbei, der freie Eintritt hat Kiliani noch beliebter gemacht.<\/p>\n<p>&nbsp;<\/p>\n<h2>T\u00e4nzelfest Kaufbeuren<\/h2>\n<p><strong>09. Juli \u2013 20. Juli 2026<\/strong><br \/>\n<strong>Innenstadt Kaufbeuren<\/strong><\/p>\n<p><strong>Stimmung:<\/strong><br \/>\nDas T\u00e4nzelfest in Kaufbeuren steht ganz im Zeichen der Geschichte der Stadt. Das historische Flair des Traditionsfestes wird besonders durch die Kinder und Jugendlichen zum Ausdruck gebracht, die in liebevoll gestalteten Gew\u00e4ndern das mittelalterliche Stadtleben nachstellen. Dieser Mix aus Volksfest, Stadtgeschichte und echter Heimatliebe macht das T\u00e4nzelfest zu einer ganz besonderen Veranstaltung.<\/p>\n<p><strong>Besonderheiten:<\/strong><br \/>\nWenn die beiden gro\u00dfen historischen Festz\u00fcge durch die Stadt ziehen, ein Festspiel mit \u00fcber 1.600 Akteuren aufgef\u00fchrt wird, dann wird Geschichte erlebbar. Das gilt auch f\u00fcr den historischen Markt, das Mittelalter-Lager und den kleinen Rummelplatz, die einen Eindruck vom Leben in vergangenen Zeiten vermitteln. Abends gehen die Festtage mit stimmungsvoller Livemusik und bunten Lichtern zu Ende.<\/p>\n<p><strong>Kulinarik:<\/strong><br \/>\nAuch das kulinarische Angebot orientiert sich am Konzept des Festes. Zu hausgemachten Spezialit\u00e4ten wie Krautsp\u00e4tzle, Bratw\u00fcrste und Schmalzgeb\u00e4ck wird s\u00fcffiger T\u00e4nzelwein gereicht. Handgemachte S\u00fc\u00dfigkeiten und deftige Brotzeiten aus dem Mittelalter runden das Fest f\u00fcr den Gaumen ab.<\/p>\n<p><strong>Geschichte &amp; Funfact:<\/strong><br \/>\nDie erste Erw\u00e4hnung des T\u00e4nzelfestes stammt aus dem Jahr 1497. K\u00f6nig Maximilian I. hatte das wohl \u00e4lteste Kinderfest Bayerns h\u00f6chstpers\u00f6nlich genehmigt.<br \/>\nFunfact: Der T\u00e4nzelfest-Verein bereitet sich das ganze Jahr \u00fcber aktiv auf das Gro\u00dfereignis vor und gibt dabei nicht selten das T\u00e4nzelfestlied zum Besten.<\/p>\n<p>&nbsp;<\/p>\n<h2>Friedberger Volksfest<\/h2>\n<p><strong>07. August \u2013 16. August 2026<\/strong><br \/>\n<strong>Volksfestplatz Friedberg<\/strong><\/p>\n<p><strong>Stimmung:<\/strong><br \/>\nDie authentische Dorffest-Atmosph\u00e4re macht das Friedberger Volksfest zu einer echten bayerischen Gaudi. Hier geht es gem\u00fctlich, traditionell und famili\u00e4r zu. Das Festprogramm ist vollgepackt mit Angeboten f\u00fcr die ganze Familie.<\/p>\n<p><strong>Besonderheiten:<\/strong><br \/>\nNach dem Bieranstich durch den B\u00fcrgermeister spielen im Festzelt die Musikanten auf. Au\u00dferdem gibt es ein Oldtimertreffen, einen gro\u00dfen Vergn\u00fcgungspark und Familientage mit reduzierten Preisen. Der Trachtenabend und der Festgottesdienst unter freiem Himmel sind ebenfalls feste Bestandteile des Festprogramms.<\/p>\n<p><strong>Kulinarik:<\/strong><br \/>\nNeben dem Friedberger Festbier genie\u00dfen die Festbesucher vorzugsweise Hendl vom Grill, hausgemachten Kartoffelsalat, Steckerlfisch und Rahmfleck frisch aus dem Holzofen. Gebrannte N\u00fcsse und Zuckerwatte d\u00fcrfen nat\u00fcrlich ebenfalls nicht fehlen.<\/p>\n<p><strong>Geschichte &amp; Funfact:<\/strong><br \/>\nDas Volksfest hat seinen Ursprung in der traditionellen Friedberger Kirchweih. Heute ist es der H\u00f6hepunkt des Sommers in der gesamten Region.<br \/>\nFunfact: F\u00fcr alle Besucher \u00fcber 60 gibt es am Seniorennachmittag Freibier. Na dann Prost.<\/p>\n<p>&nbsp;<\/p>\n<p><img loading=\"lazy\" decoding=\"async\" class=\"alignnone wp-image-2650\" src=\"https:\/\/www.pfundskerl-xxl.de\/blog\/wp-content\/uploads\/2025\/04\/pfk_Blog2025_Bilderauswahl_breit_KW163-300x100.webp\" alt=\"Zwei M\u00e4nner in Lederhosen und Hemd\/T-Shirt sto\u00dfen auf dem Volksfest mit einer Ma\u00df Bier an.\" width=\"900\" height=\"300\" srcset=\"https:\/\/www.pfundskerl-xxl.de\/blog\/wp-content\/uploads\/2025\/04\/pfk_Blog2025_Bilderauswahl_breit_KW163-300x100.webp 300w, https:\/\/www.pfundskerl-xxl.de\/blog\/wp-content\/uploads\/2025\/04\/pfk_Blog2025_Bilderauswahl_breit_KW163-1024x341.webp 1024w, https:\/\/www.pfundskerl-xxl.de\/blog\/wp-content\/uploads\/2025\/04\/pfk_Blog2025_Bilderauswahl_breit_KW163-768x256.webp 768w, https:\/\/www.pfundskerl-xxl.de\/blog\/wp-content\/uploads\/2025\/04\/pfk_Blog2025_Bilderauswahl_breit_KW163-1536x512.webp 1536w, https:\/\/www.pfundskerl-xxl.de\/blog\/wp-content\/uploads\/2025\/04\/pfk_Blog2025_Bilderauswahl_breit_KW163-2048x683.webp 2048w\" sizes=\"auto, (max-width: 900px) 100vw, 900px\" \/><\/p>\n<h2>G\u00e4ubodenvolksfest Straubing<\/h2>\n<p><strong>07. August \u2013 17. August 2026<\/strong><br \/>\n<strong>Festplatz Am Hagen<\/strong><\/p>\n<p><strong>Stimmung:<\/strong><br \/>\nAuch wenn das G\u00e4ubodenfest in Straubing als das \u201ekleine Oktoberfest Niederbayerns\u201c gilt, ist es doch eine echt gro\u00dfe Veranstaltung. \u00dcber eine Million Besucher und Besucherinnen str\u00f6men jedes Jahr auf den Festplatz. Hier ist alles etwas gr\u00f6\u00dfer, das Fest, der Rummel und die Gem\u00fctlichkeit. Bodenst\u00e4ndig bleibt es trotzdem.<\/p>\n<p><strong>Besonderheiten:<\/strong><br \/>\nSieben Festzelte und mehr als 120 Schausteller sind ein Beleg f\u00fcr die Gr\u00f6\u00dfe des G\u00e4ubodenfestes. Der historische Trachten- und Sch\u00fctzenumzug und ein gigantisches Feuerwerk geh\u00f6ren ebenso dazu wie Livebands mit bayerischer Volksmusik und Partybeats. Auch die gleichzeitig stattfindende Landmaschinenschau ist f\u00fcr viele Besucher ein guter Grund, nach Straubing zu kommen.<\/p>\n<p><strong>Kulinarik:<\/strong><br \/>\nSignature Dish auf dem G\u00e4ubodenfest ist die legend\u00e4re Ma\u00df Straubinger Festbier mit einem halben Hendl. Neben diesem &#8222;Standardmen\u00fc&#8220; gibt\u2019s selbstverst\u00e4ndlich auch Hendl, Spareribs, Dampfnudeln, Fischsemmeln und Schmalznudeln. Und auch Veganer werden auf der Speisekarte etwas Passendes finden.<\/p>\n<p><strong>Geschichte &amp; Funfact:<\/strong><br \/>\nDas G\u00e4ubodenfest wird bereits seit 1812 gefeiert. Was als landwirtschaftliche Ausstellung begann, ist heute das zweitgr\u00f6\u00dfte Volksfest in Bayern.<br \/>\nFunfact: Dass die Ma\u00df Bier hier meist g\u00fcnstiger ist als auf der Wiesn, tr\u00e4gt ebenso zur Beliebtheit des Festes bei wie die trotz der Gr\u00f6\u00dfe pers\u00f6nliche Atmosph\u00e4re.<\/p>\n<p>&nbsp;<\/p>\n<h2>Dachauer Volksfest<\/h2>\n<p><strong>08. August \u2013 17. August 2026<\/strong><br \/>\n<strong>Festplatz Ludwig-Thoma-Stra\u00dfe<\/strong><\/p>\n<p><strong>Stimmung:<\/strong><br \/>\nAuch beim Dachauer Volksfest geht es traditionell und gem\u00fctlich zu. Sowohl die Dachauer als auch ihre G\u00e4ste sch\u00e4tzen die bayerische Gem\u00fctlichkeit und die sportliche Komponente des Festes.<\/p>\n<p><strong>Besonderheiten:<\/strong><br \/>\nZwei Zelte sorgen f\u00fcr das richtige Festambiente. Eine Fahrt im Riesenrad mit Blick auf M\u00fcnchen solltest Du Dir ebenso wenig entgehen lassen wie das gro\u00dfe Feuerwerk. Neben dem Highlight, dem historischen Festumzug mit Trachten- und Musikgruppen aus ganz Bayern, geh\u00f6ren auch der Tag der Betriebe, das Sportfest und der Familiennachmittag jedes Jahr zum Festprogramm.<\/p>\n<p><strong>Kulinarik:<\/strong><br \/>\nDas fl\u00fcssige Brot zum Fest liefert die Schlo\u00dfbrauerei Dachau mit eigens f\u00fcr diesen Anlass gebrautem Bier. Dazu gibt es halbe Ente mit Kn\u00f6del, Kalbsbratw\u00fcrste, frischen Radi und \u00fcppige K\u00e4seplatten. Besonders beliebt ist auch das s\u00fc\u00dfe Marzipanbrot.<\/p>\n<p><strong>Geschichte &amp; Funfact:<\/strong><br \/>\nDas Fest wurde zum ersten Mal im Jahr 1652 gefeiert. Was als Pferde- und Viehmarkt begann, ist heute das gr\u00f6\u00dfte Volksfest im Landkreis Dachau.<br \/>\nFunfact: Wer als Dachauer etwas auf sich h\u00e4lt, der trifft sich traditionell am ersten Montag der Festwoche mit Freunden und Nachbarn im Festzelt.<\/p>\n<p>&nbsp;<\/p>\n<h2>Herbstpl\u00e4rrer Augsburg<\/h2>\n<p><strong>28. August bis 13. September <\/strong><\/p>\n<p><strong>Pl\u00e4rrergel\u00e4nde Augsburg<\/strong><\/p>\n<p><strong>Stimmung:<\/strong><br \/>\nZum Ende des Sommers startet der zweite Teil des Augsburger Pl\u00e4rrers, bei dem es etwas gem\u00fctlicher zugeht als beim Osterpl\u00e4rrer. Diese besondere, ruhigere Stimmung sch\u00e4tzen die Einheimischen ganz besonders.<\/p>\n<p><strong>Besonderheiten:<\/strong><br \/>\nAuch beim Herbstpl\u00e4rrer laden die Bands im Festzelt zum Tanz. Die Sch\u00fctzen er\u00f6ffnen das Fest mit ihren B\u00f6llern. Zum Abschluss gibt\u2019s ein Feuerwerk, dazwischen einen gro\u00dfen Kinderumzug und einen Gottesdienst der Schausteller, die mit ihren nostalgischen Karussells und modernen Highspeed-Fahrgesch\u00e4ften f\u00fcr romantische oder rasante Erlebnisse sorgen.<\/p>\n<p><strong>Kulinarik:<\/strong><br \/>\nSelbtstverst\u00e4ndlich geh\u00f6ren auch zum Herbstpl\u00e4rrer das eigens gebraute Pl\u00e4rrerbier vom Fass und deftige Schmankerl wie Schweinshaxn oder Grillhendl. Vegetarische Gerichte und ausgefallene S\u00fc\u00dfwaren wie Baumstriezel oder Magenbrot werden ebenfalls angeboten.<\/p>\n<p><strong>Geschichte &amp; Funfact:<\/strong><br \/>\nDer Herbstpl\u00e4rrer wurde eingef\u00fchrt, um das Volksfestjahr in Augsburg zu verl\u00e4ngern.<br \/>\nFunfact: Viele Einheimische bringen ihre \u201eStammtischzeichen\u201c mit ins Festzelt. Mit den kleinen Wimpeln oder Figuren zeigen sie, wo ihr Platz am Tisch ist.<\/p>\n<p>&nbsp;<\/p>\n<h2>Karpfhamer Fest in Bad Griesbach im Rottal<\/h2>\n<p><strong>27. August \u2013 1. September 2026<\/strong><br \/>\n<strong>Karpfham, Bad Griesbach im Rottal<\/strong><\/p>\n<p><strong>Stimmung:<\/strong><br \/>\nBeim Karpfhamer Fest trifft l\u00e4ndliche Tradition auf ausgelassene Volksfeststimmung. Hier erlebst Du eine authentische Veranstaltung mit Blasmusik, Tracht und bayerischer Lebensfreude.<\/p>\n<p><strong>Besonderheiten:<\/strong><br \/>\nIn den verschiedenen Festzelten werden unterschiedliche musikalische Stilrichtungen bedient. Traditionell geh\u00f6ren zum Karpfhamer Fest eine Pferdeschau und ein Pferderennen. Zeitgleich findet au\u00dferdem eine gro\u00dfe Landwirtschaftsausstellung, die Rottalschau, statt.<\/p>\n<p><strong>Kulinarik:<\/strong><br \/>\nNeben den Festbieren der regionalen Brauereien werden Schmankerl wie Schweinsbraten, Kn\u00f6del und Apfelk\u00fccherl serviert.<\/p>\n<p><strong>Geschichte &amp; Funfact:<\/strong><br \/>\nDie Urspr\u00fcnge des Festes sind im 19. Jahrhundert zu finden. Aus der Preisverleihung f\u00fcr landwirtschaftliche Produkte wurde im Laufe der Zeit eines der gr\u00f6\u00dften Volksfeste in Bayern. Aufgrund der Beliebtheit des Festes \u00fcbersteigt die Zahl der Besucher die Einwohnerzahl des kleinen Ortes zeitweise um ein Vielfaches.<\/p>\n<p>&nbsp;<\/p>\n<p><img loading=\"lazy\" decoding=\"async\" class=\"alignnone wp-image-2651\" src=\"https:\/\/www.pfundskerl-xxl.de\/blog\/wp-content\/uploads\/2025\/04\/pfk_Blog2025_Bilderauswahl_breit_KW164-300x100.webp\" alt=\"M\u00e4nnlicher Kellner in Tracht tr\u00e4gt f\u00fcnf Ma\u00df Bier durch das Festzelt auf einem Volksfest.\" width=\"900\" height=\"300\" srcset=\"https:\/\/www.pfundskerl-xxl.de\/blog\/wp-content\/uploads\/2025\/04\/pfk_Blog2025_Bilderauswahl_breit_KW164-300x100.webp 300w, https:\/\/www.pfundskerl-xxl.de\/blog\/wp-content\/uploads\/2025\/04\/pfk_Blog2025_Bilderauswahl_breit_KW164-1024x341.webp 1024w, https:\/\/www.pfundskerl-xxl.de\/blog\/wp-content\/uploads\/2025\/04\/pfk_Blog2025_Bilderauswahl_breit_KW164-768x256.webp 768w, https:\/\/www.pfundskerl-xxl.de\/blog\/wp-content\/uploads\/2025\/04\/pfk_Blog2025_Bilderauswahl_breit_KW164-1536x512.webp 1536w, https:\/\/www.pfundskerl-xxl.de\/blog\/wp-content\/uploads\/2025\/04\/pfk_Blog2025_Bilderauswahl_breit_KW164-2048x683.webp 2048w\" sizes=\"auto, (max-width: 900px) 100vw, 900px\" \/><\/p>\n<h2>Herbstfest Erding<\/h2>\n<p><strong>28. August \u2013 06. September 2026<\/strong><br \/>\n<strong>Festplatz am Volksfestpark<\/strong><\/p>\n<p><strong>Stimmung:<\/strong><br \/>\nDas Herbstfest in Erding z\u00e4hlt zu den beliebtesten Volksfesten in Oberbayern. Weil es hier famili\u00e4r, stimmungsvoll und noch \u201egscheid bayerisch\u201c zugeht, feiern hier die Erdinger nicht allein. Selbst viele M\u00fcnchner kommen hierher, weil sie das besondere Flair des Festes sch\u00e4tzen.<\/p>\n<p><strong>Besonderheiten:<\/strong><br \/>\nIm Festzelt spielen bekannte Musiker auf. Die zahlreichen Fahrgesch\u00e4fte sorgen f\u00fcr echte Jahrmarkterlebnisse, die an Kinder- und Familientagen auch noch g\u00fcnstiger zu bekommen sind. Neben dem Trachtenumzug, dem Handwerkermarkt und dem z\u00fcnftigen Erntedank-Festgottesdienst geh\u00f6rt auch das Volksfestsingen mit lokalen Ch\u00f6ren zu den zahlreichen Highlights des Festes.<\/p>\n<p><strong>Kulinarik:<\/strong><br \/>\nDas Original Erdinger Wei\u00dfbier darf bei dem Fest nat\u00fcrlich ebenso wenig fehlen wie eine Radi mit Salz, ein halbes Hendl, ein Entenbraten oder ein Rahmfleck. Unbedingt probieren solltest Du auch den ber\u00fchmten Erdinger Wurstsalat. Als s\u00fc\u00dfen Nachtisch empfiehlt sich ein Zwetschgendatschi mit Sahne.<\/p>\n<p><strong>Geschichte &amp; Funfact:<\/strong><br \/>\nDas Herbstfest Erding ist aus den landwirtschaftlichen M\u00e4rkten der Region hervorgegangen. Seit \u00fcber 70 Jahren wird in der jetzigen Form gefeiert.<br \/>\nFunfact: Auf dem Erdinger Herbstfest wird ein Wettbewerb im Ma\u00dfkrugtragen veranstaltet. Wer diesen gewinnen m\u00f6chte, sollte auf jeden Fall mehr als 10 Ma\u00df auf einmal tragen k\u00f6nnen.<\/p>\n<p>&nbsp;<\/p>\n<h2>Herbstvolksfest N\u00fcrnberg<\/h2>\n<p><strong>28. August \u2013 13. September 2026<\/strong><br \/>\n<strong>Volksfestplatz am Dutzendteich<\/strong><\/p>\n<p><strong>Stimmung:<\/strong><br \/>\nAuch in N\u00fcrnberg wird nicht nur einmal im Jahr gefeiert! Auf das Fr\u00fchlingsfest folgt das Herbstfest. Da es zu dieser Jahreszeit abends schon fr\u00fcher dunkel wird, bekommt das Fest einen besonders stimmungsvollen Charakter, da die Lichter auf dem Festplatz eine noch st\u00e4rkere Wirkung entfalten.<\/p>\n<p><strong>Besonderheiten:<\/strong><br \/>\nWie im Fr\u00fchling erwarten dich auch beim Herbstvolksfest in N\u00fcrnberg Festzelte, Feuerwerk, Familientage und eine gro\u00dfe Auswahl an Fahrgesch\u00e4ften. \u00c4u\u00dferst beliebt sind der Seniorennachmittag mit Musik und die ber\u00fchmte &#8222;Lichter-Nacht&#8220; mit stimmungsvoller Beleuchtung.<\/p>\n<p><strong>Kulinarik:<\/strong><br \/>\nFr\u00e4nkische Sch\u00e4ufele, N\u00fcrnberger Bratw\u00fcrste, Obazda, Flammkuchen, S\u00fc\u00dfes von gebrannten N\u00fcssen bis Eisvariationen.<\/p>\n<p><strong>Geschichte &amp; Funfact:<\/strong><br \/>\nAuch das Herbstfest ist auf das N\u00fcrnberger Marktwesen zur\u00fcckzuf\u00fchren. Anders als fr\u00fcher geht es aber heute weniger um den Austausch von Waren als um das Stemmen von Ma\u00dfkr\u00fcgen.<br \/>\nFunfact: Das Volksfestbier wird extra f\u00fcr jedes Fest neu gebraut. Die f\u00fcr den Kenner erkennbaren leichten Unterschiede im Geschmack sind dabei durchaus beabsichtigt!<\/p>\n<p>&nbsp;<\/p>\n<h2>Regensburger Herbstdult<\/h2>\n<p><strong>28. August \u2013 13. September 2026<\/strong><br \/>\n<strong>Dultplatz an der Donau<\/strong><\/p>\n<p><strong>Stimmung:<\/strong><br \/>\nAuf der Herbstdult geht es etwas geruhsamer zu als auf der Maidult. Der einzigartige Charme des Festes bleibt davon jedoch unber\u00fchrt. Auch auf der Herbstdult treffen sich Jung und Alt, hippe Bewohner der Altstadt und bodenst\u00e4ndige Landwirte aus dem Umland zum gemeinsamen Feiern.<\/p>\n<p><strong>Besonderheiten:<\/strong><br \/>\nNeben den Festzelten und dem Dultmarkt mit \u00fcber 100 St\u00e4nden geh\u00f6rt auch ein kleiner Trachtenumzug zu den Besonderheiten der Herbstdult.<\/p>\n<p><strong>Kulinarik:<\/strong><br \/>\nZum frisch gebrauten Dultbier genie\u00dft Du am besten eine knusprige Ente, Reiberdatschi oder frischen Rahmfleck. Freunde eines guten Rebensaftes freuen sich \u00fcber die Angebote der Winzer aus der Region, die direkt auf der Dult probiert und erworben werden k\u00f6nnen.<\/p>\n<p><strong>Geschichte &amp; Funfact:<\/strong><br \/>\nDie Dult war urspr\u00fcnglich ein mittelalterliches Kirchenfest, das sich im Laufe der Zeit zu einem unverzichtbaren Ereignis im Festkalender der Stadt entwickelt hat und einen wichtigen Teil des Regensburger Lebensgef\u00fchls ausmacht.<\/p>\n<p>Funfact: Da es auf der Dult so entspannt wie in einem Urlaub zugeht, entscheidet sich so mancher Regensburger statt f\u00fcr eine Reise in den S\u00fcden lieber f\u00fcr einen Besuch auf dem Volksfest.<\/p>\n<p>&nbsp;<\/p>\n<h2>Rosenheimer Herbstfest<\/h2>\n<p><strong>29. August \u2013 13. September 2026<\/strong><br \/>\n<strong>Loretowiese Rosenheim<\/strong><\/p>\n<p><strong>Stimmung:<\/strong><br \/>\nDas Rosenheimer Herbstfest auf der Loretowiese ist der ideale Treffpunkt f\u00fcr alle, die Trachten, Tradition und bayerische Lebenslust zu sch\u00e4tzen wissen. So mancher Oberbayer h\u00e4lt das Rosenheimer Herbstfest sogar f\u00fcr die f\u00fcnfte Jahreszeit im Kalender.<\/p>\n<p><strong>Besonderheiten:<\/strong><br \/>\nGefeiert wird in den beiden gro\u00dfen Festzelten von Auer Br\u00e4u und Fl\u00f6tzinger Br\u00e4u. Ein Trachtenumzug, ein Bauernmarkt sowie ein Oldtimer-Traktorentreffen und Familientage geh\u00f6ren ebenso zum Herbstfest wie ein romantisches Abschlussfeuerwerk.<\/p>\n<p><strong>Kulinarik:<\/strong><br \/>\nZum Festbier von Auer und Fl\u00f6tzinger genie\u00dft Du eine Radi mit Brezn, eine Ente mit Blaukraut oder Kn\u00f6del-Tris, Als besondere Spezialit\u00e4t gilt das besonders knusprige Herbstfest-Hendl. Dazu passen gut leckere Ofenkartoffeln.<\/p>\n<p><strong>Geschichte &amp; Funfact:<\/strong><br \/>\nDas Rosenheimer Herbstfest, das bereits seit 1861 gefeiert wird, gilt heute als drittgr\u00f6\u00dftes Volksfest Bayerns. Trotzdem konnte es seinen urspr\u00fcnglichen Charakter weitgehend bewahren.<br \/>\nFunfact: Viele Einheimische legen sich eigens nur f\u00fcrs Herbstfest eine neue Tracht zu!<\/p>\n<p>&nbsp;<\/p>\n<h2>Weihenstephaner Gartentage in Freising<\/h2>\n<p><strong>09-10 Mai 2026\u00a0<\/strong><br \/>\n<strong>auf dem Campus der TUM School of Life Sciences<\/strong><\/p>\n<p><strong>Stimmung:<\/strong><br \/>\nDie gr\u00fcne Idylle des Weihenstephaner Berges bildet den idealen Rahmen f\u00fcr ein ruhiges und famili\u00e4res Fest, das sich perfekt zum Treffen mit Freunden eignet. Bei einem frisch gezapften Bier das Unistadt-Feeling zu genie\u00dfen, das ist, was das Weihenstephaner Bergfest ausmacht.<\/p>\n<p><strong>Besonderheiten:<\/strong><br \/>\nDas echte Biergarten-Feeling unter Kastanien wird durch Livebands und Blasmusik noch unterstrichen. Dazu gibt es Brauereif\u00fchrungen sowie Bastelstunden und eine H\u00fcpfburg f\u00fcr Kinder.<\/p>\n<p><strong>Kulinarik:<\/strong><br \/>\nServiert werden die Bayerischen Klassiker Obazda, Radi, Hendl und Schweinshaxn. Neben dem frisch gezapften Weihenstephaner Bier gibt es den hausgemachten Bierlik\u00f6r, der auch gerne als Souvenir mit nach Hause genommen wird.<\/p>\n<p><strong>Geschichte &amp; Funfact:<\/strong><br \/>\nDie \u00e4lteste Brauerei der Welt \u00f6ffnet ihre Tore. Das Bergfest ist immer noch ein echter Geheimtipp in der Region. Im Biergarten direkt neben dem f\u00fcrs Brauen ben\u00f6tigten Hopfen zu sitzen ist schon ein ganz besonderes Erlebnis.<\/p>\n<p>&nbsp;<\/p>\n<h2>Garmischer Festwoche<\/h2>\n<p><strong>25. Juli &#8211; 02. August 2026\u00a0<\/strong><br \/>\n<strong>Kurpark Garmisch-Partenkirchen<\/strong><\/p>\n<p><strong>Stimmung:<\/strong><br \/>\nDie Garmischer Festwoche steht f\u00fcr authentische alpenl\u00e4ndische Feststimmung mit Blasmusik, Dirndl und Lederhose. Dazu der Blick auf die Zugspitze. Bayrischer geht\u2018s nicht.<\/p>\n<p><strong>Besonderheiten:<\/strong><br \/>\nNeben dem Festumzug mit Trachten- und Musikgruppen geh\u00f6ren die Auff\u00fchrungen der Alphornbl\u00e4ser, Schuhplattler und Goa\u00dflschnalzer zu den H\u00f6hepunkten der Festwoche. Auf der Open-Air-B\u00fchne im Kurpark gibt es Livemusik, auf dem Bauernmarkt lokale Produkte, Spezialit\u00e4ten und echte Handwerkskunst.<\/p>\n<p><strong>Kulinarik:<\/strong><br \/>\nRegionale Spezialit\u00e4ten: Kasspatzn, Haxn, Schweinsbraten, Kaiserschmarrn \u2013 dazu Bier aus der Region und frische Brezn aus dem Holzofen.<\/p>\n<p><strong>Geschichte &amp; Funfact:<\/strong><br \/>\nWas urspr\u00fcnglich als Fest der Heimatpflege gedacht war, ist heute ein touristisches und kulturelles Event, zu dem viele Einheimische in Tracht erscheinen. Abends geht es dann oft weiter zum Weinfest in der Nachbarschaft.<\/p>\n<p>&nbsp;<\/p>\n<p><img loading=\"lazy\" decoding=\"async\" class=\"alignnone wp-image-2652\" src=\"https:\/\/www.pfundskerl-xxl.de\/blog\/wp-content\/uploads\/2025\/04\/pfk_Blog2025_Bilderauswahl_breit_KW166-300x100.webp\" alt=\"Vier M\u00e4nner in traditioneller Tracht sitzen zusammen auf einem bayerischen Fest und trinken eine Ma\u00df Bier.\" width=\"900\" height=\"300\" srcset=\"https:\/\/www.pfundskerl-xxl.de\/blog\/wp-content\/uploads\/2025\/04\/pfk_Blog2025_Bilderauswahl_breit_KW166-300x100.webp 300w, https:\/\/www.pfundskerl-xxl.de\/blog\/wp-content\/uploads\/2025\/04\/pfk_Blog2025_Bilderauswahl_breit_KW166-1024x341.webp 1024w, https:\/\/www.pfundskerl-xxl.de\/blog\/wp-content\/uploads\/2025\/04\/pfk_Blog2025_Bilderauswahl_breit_KW166-768x256.webp 768w, https:\/\/www.pfundskerl-xxl.de\/blog\/wp-content\/uploads\/2025\/04\/pfk_Blog2025_Bilderauswahl_breit_KW166-1536x512.webp 1536w, https:\/\/www.pfundskerl-xxl.de\/blog\/wp-content\/uploads\/2025\/04\/pfk_Blog2025_Bilderauswahl_breit_KW166-2048x683.webp 2048w\" sizes=\"auto, (max-width: 900px) 100vw, 900px\" \/><\/p>\n<h2>Partenkirchener Festwoche<\/h2>\n<p><strong>zusammengetan mit der &#8222;Garmischer Festwoche&#8220;<\/strong><br \/>\n<strong>Ludwigstra\u00dfe Partenkirchen<\/strong><\/p>\n<p><strong>Stimmung:<\/strong><br \/>\nW\u00e4hrend der Partenkirchener Festwoche verwandelt sich die historische Ludwigstra\u00dfe in eine lebendige Feiermeile mit Musik, Volkstanz und altem Handwerk. Traditionelle Alpenromantik im Einklang mit moderner Festkultur.<\/p>\n<p><strong>Besonderheiten:<\/strong><br \/>\nNach dem Festumzug mit Musik- und Sch\u00fctzenvereinen kannst Du Handwerkern in ihren historischen Werkst\u00e4tten bei der Arbeit zusehen. Jodel- und Tanzgruppen pr\u00e4sentieren auf offener B\u00fchne ihr K\u00f6nnen.<\/p>\n<p><strong>Kulinarik:<\/strong><br \/>\nZu den beliebtesten regionalen Spezialit\u00e4ten geh\u00f6ren Gr\u00f6stl, Hendl, Wildgerichte und Kn\u00f6del in allen Variationen. S\u00fc\u00dfm\u00e4uler freuen sich \u00fcber bayerische S\u00fc\u00dfspeisen wie Rohrnudeln und Auszogne.<\/p>\n<p><strong>Geschichte &amp; Funfact:<\/strong><br \/>\nDie Festwoche ist Teil der langen Tradition der Partenkirchener Kulturpflege. Auch wenn G\u00e4ste nat\u00fcrlich herzlich willkommen sind, ist sie ein Fest von Einheimischen f\u00fcr Einheimische. Mit einer Jeans wirst Du hier gleich auffallen. Tracht ist zwar nicht vorgeschrieben, geh\u00f6rt aber ganz klar zum Standard des Festes.<\/p>\n<p>&nbsp;<\/p>\n<h2>Gillamoos Abensberg<\/h2>\n<p><strong>03. September \u2013 07. September 2026<\/strong><br \/>\n<strong>Gillamooswiese Abensberg<\/strong><\/p>\n<p><strong>Stimmung:<\/strong><br \/>\nEinzigartig unter den Volksfesten: Beim Gillamoos in Niederbayern geht es nicht nur b\u00e4uerlich, urig und lebendig, sondern auch politisch zu. Der Gillamoos ist eine Kombination aus Volksfest, Viehmarkt, Kr\u00e4mermarkt und Pflichttermin f\u00fcr die Politprominenz!<\/p>\n<p><strong>Besonderheiten:<\/strong><br \/>\nAm Festmontag halten bekannte Politiker aus verschiedenen Parteien in den f\u00fcnf Festzelten deftige Reden, die oft auch bundesweit Aufmerksamkeit erregen. Abseits des politischen Spektakels gibt es einen Kram- und Bauernmarkt, Viehschauen, einen Rummelplatz und einen Festumzug. Bei einem Fr\u00fchschoppen kannst Du die einzigartige Wiesenatmosph\u00e4re genie\u00dfen.<\/p>\n<p><strong>Kulinarik:<\/strong><br \/>\nBesonders empfehlenswert sind das Abensberger Gillamoos-Bier, Radi, Hendl, Ochs vom Grill, Auszogne, Schmalznudeln und Fischsemmeln, und nat\u00fcrlich der legend\u00e4re Gillamoos-Wein in der Weinsch\u00e4nke.<\/p>\n<p><strong>Geschichte &amp; Funfact:<\/strong><br \/>\nDie Geschichte des Gillamoos geht bis ins Jahr 1313 zur\u00fcck. Damit ist er eines der \u00e4ltesten Volksfeste Bayerns.<br \/>\nFunfact: Der politische Gillamoos-Montag zieht jedes Jahr Politiker aller Parteien nach Niederbayern. Die Wahlkampfreden werden auch gerne einmal von lauten Pfeifkonzerten begleitet.<\/p>\n<h2><\/h2>\n<h2>Passauer Herbstdult<\/h2>\n<p><strong>11. September \u2013 20. September 2026<\/strong><br \/>\n<strong>Messepark Kohlbruck \/ Dreil\u00e4nderhalle<\/strong><\/p>\n<p><strong>Stimmung:<\/strong><br \/>\nDie Herbstdult markiert den stimmungsvollen Abschluss der Volksfestsaison in Passau. Sie ist ruhiger als die Maidult, was der speziellen Atmosph\u00e4re, besonders abends bei Lichterglanz und Musik, ganz bestimmt nicht schadet.<\/p>\n<p><strong>Besonderheiten:<\/strong><br \/>\nDer Er\u00f6ffnungsabend beginnt mit dem Dultbieranstich. Danach gibt\u2019s Livemusik im Festzelt. Weitere H\u00f6hepunkte sind das Feuerwerk und das traditionelle B\u00f6llerschie\u00dfen am letzten Sonntag.<\/p>\n<p><strong>Kulinarik:<\/strong><br \/>\nDultbier von regionalen Brauereien, Schweinsbraten, Brathendl, Fisch vom Grill, Zwetschgenkuchen und gebackene M\u00e4use. Im Festzelt: Wei\u00dfbierfr\u00fchschoppen mit Wei\u00dfw\u00fcrsten.<\/p>\n<p><strong>Geschichte &amp; Funfact:<\/strong><br \/>\nDie Herbstdult hat ihre Wurzel wie die Fr\u00fchjahrsdult in der mittelalterlichen Dult-Tradition Passaus.<br \/>\nFunfact: In einigen Zelten gibt es einen geheimen \u201eStammtisch-Kanon\u201c. Kennst Du ihn nicht, musst Du eine Runde zahlen.<\/p>\n<p>&nbsp;<\/p>\n<h2>Volksfest Freising<\/h2>\n<p><strong>04. September 2026\u00a0<\/strong><br \/>\n<strong>Luitpoldanlage, Freising<\/strong><\/p>\n<p><strong>Stimmung:<\/strong><br \/>\nBei diesem traditionellen Volksfest garantieren das Riesenrad und die Fahrgesch\u00e4fte echtes Jahrmarktfeeling. Im Festzelt sorgt das t\u00e4glich wechselnde Programm f\u00fcr gute Stimmung.<\/p>\n<p><strong>Besonderheiten:<\/strong><br \/>\nDer Festumzug und der feierliche Fassanstich auf dem Marienplatz geben den Startschuss zum Festvergn\u00fcgen. Nicht nur am Dirndl- und Lederhosentag wird nach dem Fr\u00fchschoppen mit Musik und Wei\u00dfw\u00fcrsten ausgelassen zu Livemusik getanzt. Auch das Feuerwerk und der Familientag sind feste Bestandteile des Festprogramms.<\/p>\n<p><strong>Kulinarik:<\/strong><br \/>\nFestbier von lokalen Brauereien, Hendl, Steckerlfisch, gebrannte Mandeln, Dampfnudeln und Biergarten-Specials.<\/p>\n<p><strong>Geschichte &amp; Funfact:<\/strong><br \/>\nSeit Jahrzehnten geh\u00f6rt das Volksfest in Freising zu den Highlights im Sp\u00e4tsommer. Die Luitpoldanlage im Zentrum der Stadt schafft eine Verbindung von Tradition und Moderne.<br \/>\nSo mancher Freisinger nimmt sich extra Urlaub f\u00fcr das Volksfest. Und dann darf die Ma\u00df auch schon mal am Vormittag schmecken.<\/p>\n<p>&nbsp;<\/p>\n<h2>Festival-Mediaval Selb<\/h2>\n<p><strong>13. September 2026<\/strong><br \/>\n<strong>Goldberg Selb<\/strong><\/p>\n<p><strong>Stimmung:<\/strong><br \/>\nEs ist das gr\u00f6\u00dfte Mittelalter-Musikfestival in Europa. Das Mittelalter-Festival in Selb ist ein einzigartiger Mix aus Musik, Markt, Lagerleben und Spektakel. Das Spektrum reicht von authentisch-historisch bis hin zu verspielten Phantasiewelten. Ein echter Pflichttermin f\u00fcr Fans von Mittelalter, Folk und Fantasy<\/p>\n<p><strong>Besonderheiten:<\/strong><br \/>\n\u00dcber 40 Bands sorgen auf mehreren B\u00fchnen f\u00fcr die passende musikalische Untermalung. Ein Mittelaltermarkt darf bei einem solchen Event ebenso wenig fehlen wie Gaukler und Rittershows. Au\u00dferdem gibt es Workshops, Kost\u00fcmwettbewerbe und echte Lagerfeuer-Romantik.<\/p>\n<p><strong>Kulinarik:<\/strong><br \/>\nGem\u00e4\u00df dem Thema werden Met, Fladenbrot, Knoblauchcremesuppe, Wildgerichte und orientalische Spezialit\u00e4ten angeboten. Dar\u00fcber hinaus k\u00f6nnen sich auch alle, die das Au\u00dfergew\u00f6hnliche lieben, an veganes Fantasy-Fusion-Food wagen.<\/p>\n<p><strong>Geschichte &amp; Funfact:<\/strong><br \/>\nSeit 2008 hat sich das Festival zu einem Treffpunkt f\u00fcr Mittelalter- und Pagan-Fans aus ganz Europa entwickelt.<br \/>\nFunfact: Nicht wundern, wenn so mancher Gast in einer kompletten R\u00fcstung oder einem Elfen-Outfit anreist, das geh\u00f6rt einfach zum speziellen Charakter des Festes.<\/p>\n<p>&nbsp;<\/p>\n<p><img loading=\"lazy\" decoding=\"async\" class=\"alignnone wp-image-2642\" src=\"https:\/\/www.pfundskerl-xxl.de\/blog\/wp-content\/uploads\/2025\/04\/pfk_Blog2025_Bilderauswahl_breit_KW16-300x100.webp\" alt=\"Lebkuchenherzen mit \u201eOktoberfest\u201c-Schriftzug h\u00e4ngen an einem Verkaufsstand auf dem Oktoberfest.\" width=\"900\" height=\"300\" srcset=\"https:\/\/www.pfundskerl-xxl.de\/blog\/wp-content\/uploads\/2025\/04\/pfk_Blog2025_Bilderauswahl_breit_KW16-300x100.webp 300w, https:\/\/www.pfundskerl-xxl.de\/blog\/wp-content\/uploads\/2025\/04\/pfk_Blog2025_Bilderauswahl_breit_KW16-1024x341.webp 1024w, https:\/\/www.pfundskerl-xxl.de\/blog\/wp-content\/uploads\/2025\/04\/pfk_Blog2025_Bilderauswahl_breit_KW16-768x256.webp 768w, https:\/\/www.pfundskerl-xxl.de\/blog\/wp-content\/uploads\/2025\/04\/pfk_Blog2025_Bilderauswahl_breit_KW16-1536x512.webp 1536w, https:\/\/www.pfundskerl-xxl.de\/blog\/wp-content\/uploads\/2025\/04\/pfk_Blog2025_Bilderauswahl_breit_KW16-2048x683.webp 2048w\" sizes=\"auto, (max-width: 900px) 100vw, 900px\" \/><\/p>\n<h2>Oktoberfest M\u00fcnchen<\/h2>\n<p><strong>19. September \u2013 4. Oktober 2026<\/strong><br \/>\n<strong>Theresienwiese, M\u00fcnchen<\/strong><\/p>\n<p><strong>Stimmung:<\/strong><br \/>\nDas gr\u00f6\u00dfte Volksfest der Welt zieht jedes Jahr Millionen Besucher auf die M\u00fcnchner Theresienwiese. Ob in Tracht oder ganz leger \u2013 auf der Wiesn treffen sich Menschen aus aller Welt, um gemeinsam zu feiern. Die Mischung aus Tradition, Moderne und internationalem Flair macht das Oktoberfest zu einem einzigartigen Erlebnis.<\/p>\n<p><strong>Besonderheiten:<\/strong><br \/>\nDer feierliche Einzug der Wiesnwirte und der traditionelle Fassanstich durch den M\u00fcnchner Oberb\u00fcrgermeister er\u00f6ffnen das Fest offiziell. Danach herrscht zwei Wochen Ausnahmezustand: Ma\u00dfkr\u00fcge, Blasmusik, Fahrgesch\u00e4fte, Festzelte mit eigener Stimmung und jede Menge Gaudi. F\u00fcr Familien gibt es ruhige Zonen und die beliebten Familientage mit erm\u00e4\u00dfigten Preisen.<\/p>\n<p><strong>Kulinarik:<\/strong><br \/>\nIn den Festzelten wird speziell gebrautes Oktoberfestbier ausgeschenkt, das st\u00e4rker und w\u00fcrziger als das regul\u00e4re Helle ist. Klassiker wie Hendl, Schweinshaxn, W\u00fcrstl, Radi und Brezn d\u00fcrfen nicht fehlen. Aber auch Vegetarisches und internationale Speisen finden ihren Platz auf der Speisekarte.<\/p>\n<p><strong>Geschichte &amp; Funfact:<\/strong><br \/>\nDas erste Oktoberfest fand 1810 anl\u00e4sslich der Hochzeit von Kronprinz Ludwig und Prinzessin Therese statt. Seither hat sich das Fest zu einer Institution entwickelt. Der Begriff \u201eWiesn\u201c leitet sich \u00fcbrigens von der Theresienwiese ab \u2013 benannt nach der Braut des Kronprinzen. Heute ist das Oktoberfest nicht nur ein M\u00fcnchner, sondern ein weltweites Kulturgut.<\/p>\n<p>&nbsp;<\/p>\n<h2>Michaelis-Kirchweih F\u00fcrth<\/h2>\n<p><strong>noch kein Datum<\/strong><br \/>\n<strong>Innenstadt F\u00fcrth<\/strong><\/p>\n<p><strong>Stimmung:<\/strong><br \/>\nSie ist eine der \u00e4ltesten und gr\u00f6\u00dften Innenstadt-Kirchweihen Deutschlands und gilt deshalb als K\u00f6nigin der Kirchweihen. Die lebendige, bunte, famili\u00e4re und urbane Stimmung verleiht der Michaelis Kirchweih ihren besonderen Charakter.<\/p>\n<p><strong>Besonderheiten:<\/strong><br \/>\n\u00dcber eine L\u00e4nge von 1,5 km zieht sich der Festbereich quer durch die F\u00fcrther Altstadt. Nostalgische Karussells konkurrieren hier mit modernen Fahrgesch\u00e4ften. Die gem\u00fctlichen Bierg\u00e4rten geh\u00f6ren ebenso dazu wie ein Kunsthandwerkermarkt, der historische Erntedankumzug und das gro\u00dfe Abschlussfeuerwerk.<\/p>\n<p><strong>Kulinarik:<\/strong><br \/>\nGetrunken wird F\u00fcrther Kirchweihbier. Dazu gibt\u2019s fr\u00e4nkische Bratw\u00fcrste im Weggla, Pilzpfannen, oder Schupfnudeln. Besonders lecker: der legend\u00e4re \u201eKirchweihkuchen\u201c mit Hefe und Zimt.<\/p>\n<p><strong>Geschichte &amp; Funfact:<\/strong><br \/>\nOffiziell wurde die Michaelis-Kirchweih 1807 erw\u00e4hnt. Ihre Geschichte reicht somit bis in die Zeit der Markgrafen zur\u00fcck.<br \/>\nFunfact: Die Kirchweih ist so gro\u00df, dass sie so manchem Besucher als ein Umzug mit einem Volksfest dazwischen erscheint.<\/p>\n<p>&nbsp;<\/p>\n<p><strong>Wenn du speziell nach den sch\u00f6nsten Weihnachtsm\u00e4rkten suchst, findest du in unserem gro\u00dfen ,,<a href=\"https:\/\/www.pfundskerl-xxl.de\/blog\/weihnachtsmaerkte-bayern-2025-26\/\">Weihnachtsm\u00e4rkte Bayern 2025\/26<\/a>&#8220; eine ausf\u00fchrliche \u00dcbersicht aller Highlights.<\/strong><\/p>\n","protected":false},"excerpt":{"rendered":"<p>In Bayern wissen die Menschen zu feiern. Nicht nur in jeder Stadt, auch in nahezu jedem Dorf wird im Laufe [&hellip;]<\/p>\n","protected":false},"author":17,"featured_media":2641,"comment_status":"open","ping_status":"open","sticky":false,"template":"","format":"standard","meta":{"_acf_changed":false,"_uag_custom_page_level_css":"","site-sidebar-layout":"default","site-content-layout":"","ast-site-content-layout":"default","site-content-style":"default","site-sidebar-style":"default","ast-global-header-display":"","ast-banner-title-visibility":"","ast-main-header-display":"","ast-hfb-above-header-display":"","ast-hfb-below-header-display":"","ast-hfb-mobile-header-display":"","site-post-title":"","ast-breadcrumbs-content":"","ast-featured-img":"","footer-sml-layout":"","ast-disable-related-posts":"","theme-transparent-header-meta":"default","adv-header-id-meta":"","stick-header-meta":"default","header-above-stick-meta":"","header-main-stick-meta":"","header-below-stick-meta":"","astra-migrate-meta-layouts":"set","ast-page-background-enabled":"default","ast-page-background-meta":{"desktop":{"background-color":"var(--ast-global-color-5)","background-image":"","background-repeat":"repeat","background-position":"center center","background-size":"auto","background-attachment":"scroll","background-type":"","background-media":"","overlay-type":"","overlay-color":"","overlay-opacity":"","overlay-gradient":""},"tablet":{"background-color":"","background-image":"","background-repeat":"repeat","background-position":"center center","background-size":"auto","background-attachment":"scroll","background-type":"","background-media":"","overlay-type":"","overlay-color":"","overlay-opacity":"","overlay-gradient":""},"mobile":{"background-color":"","background-image":"","background-repeat":"repeat","background-position":"center center","background-size":"auto","background-attachment":"scroll","background-type":"","background-media":"","overlay-type":"","overlay-color":"","overlay-opacity":"","overlay-gradient":""}},"ast-content-background-meta":{"desktop":{"background-color":"var(--ast-global-color-4)","background-image":"","background-repeat":"repeat","background-position":"center center","background-size":"auto","background-attachment":"scroll","background-type":"","background-media":"","overlay-type":"","overlay-color":"","overlay-opacity":"","overlay-gradient":""},"tablet":{"background-color":"var(--ast-global-color-4)","background-image":"","background-repeat":"repeat","background-position":"center center","background-size":"auto","background-attachment":"scroll","background-type":"","background-media":"","overlay-type":"","overlay-color":"","overlay-opacity":"","overlay-gradient":""},"mobile":{"background-color":"var(--ast-global-color-4)","background-image":"","background-repeat":"repeat","background-position":"center center","background-size":"auto","background-attachment":"scroll","background-type":"","background-media":"","overlay-type":"","overlay-color":"","overlay-opacity":"","overlay-gradient":""}},"footnotes":""},"categories":[15,30],"tags":[76,77,74,75,73],"class_list":["post-2636","post","type-post","status-publish","format-standard","has-post-thumbnail","hentry","category-brandheisse-news","category-freizeit","tag-bierzelt","tag-lederhose","tag-tracht","tag-volksfest","tag-volksfeste-bayern"],"acf":[],"uagb_featured_image_src":{"full":["https:\/\/www.pfundskerl-xxl.de\/blog\/wp-content\/uploads\/2025\/04\/pfk_Blog2025_Titel_1370x600_KW16-scaled.webp",2560,1121,false],"thumbnail":["https:\/\/www.pfundskerl-xxl.de\/blog\/wp-content\/uploads\/2025\/04\/pfk_Blog2025_Titel_1370x600_KW16-150x150.webp",150,150,true],"medium":["https:\/\/www.pfundskerl-xxl.de\/blog\/wp-content\/uploads\/2025\/04\/pfk_Blog2025_Titel_1370x600_KW16-300x131.webp",300,131,true],"medium_large":["https:\/\/www.pfundskerl-xxl.de\/blog\/wp-content\/uploads\/2025\/04\/pfk_Blog2025_Titel_1370x600_KW16-768x336.webp",768,336,true],"large":["https:\/\/www.pfundskerl-xxl.de\/blog\/wp-content\/uploads\/2025\/04\/pfk_Blog2025_Titel_1370x600_KW16-1024x448.webp",1024,448,true],"1536x1536":["https:\/\/www.pfundskerl-xxl.de\/blog\/wp-content\/uploads\/2025\/04\/pfk_Blog2025_Titel_1370x600_KW16-1536x673.webp",1536,673,true],"2048x2048":["https:\/\/www.pfundskerl-xxl.de\/blog\/wp-content\/uploads\/2025\/04\/pfk_Blog2025_Titel_1370x600_KW16-2048x897.webp",2048,897,true]},"uagb_author_info":{"display_name":"Tom","author_link":"https:\/\/www.pfundskerl-xxl.de\/blog\/author\/tom\/"},"uagb_comment_info":0,"uagb_excerpt":"In Bayern wissen die Menschen zu feiern. Nicht nur in jeder Stadt, auch in nahezu jedem Dorf wird im Laufe [&hellip;]","_links":{"self":[{"href":"https:\/\/www.pfundskerl-xxl.de\/blog\/wp-json\/wp\/v2\/posts\/2636","targetHints":{"allow":["GET"]}}],"collection":[{"href":"https:\/\/www.pfundskerl-xxl.de\/blog\/wp-json\/wp\/v2\/posts"}],"about":[{"href":"https:\/\/www.pfundskerl-xxl.de\/blog\/wp-json\/wp\/v2\/types\/post"}],"author":[{"embeddable":true,"href":"https:\/\/www.pfundskerl-xxl.de\/blog\/wp-json\/wp\/v2\/users\/17"}],"replies":[{"embeddable":true,"href":"https:\/\/www.pfundskerl-xxl.de\/blog\/wp-json\/wp\/v2\/comments?post=2636"}],"version-history":[{"count":21,"href":"https:\/\/www.pfundskerl-xxl.de\/blog\/wp-json\/wp\/v2\/posts\/2636\/revisions"}],"predecessor-version":[{"id":3891,"href":"https:\/\/www.pfundskerl-xxl.de\/blog\/wp-json\/wp\/v2\/posts\/2636\/revisions\/3891"}],"wp:featuredmedia":[{"embeddable":true,"href":"https:\/\/www.pfundskerl-xxl.de\/blog\/wp-json\/wp\/v2\/media\/2641"}],"wp:attachment":[{"href":"https:\/\/www.pfundskerl-xxl.de\/blog\/wp-json\/wp\/v2\/media?parent=2636"}],"wp:term":[{"taxonomy":"category","embeddable":true,"href":"https:\/\/www.pfundskerl-xxl.de\/blog\/wp-json\/wp\/v2\/categories?post=2636"},{"taxonomy":"post_tag","embeddable":true,"href":"https:\/\/www.pfundskerl-xxl.de\/blog\/wp-json\/wp\/v2\/tags?post=2636"}],"curies":[{"name":"wp","href":"https:\/\/api.w.org\/{rel}","templated":true}]}}